{"id":3258,"date":"2024-09-21T17:03:22","date_gmt":"2024-09-21T21:03:22","guid":{"rendered":"https:\/\/conatel.gob.ve\/?page_id=3258"},"modified":"2024-10-10T12:22:36","modified_gmt":"2024-10-10T16:22:36","slug":"edicion-de-la-superliga-de-fusiones-de-fibra-optica","status":"publish","type":"post","link":"https:\/\/conatel.gob.ve\/?p=3258","title":{"rendered":"Edici\u00f3n de la SuperLiga de fusiones de fibra \u00f3ptica"},"content":{"rendered":"\n<div class=\"wp-block-stackable-heading stk-block-heading stk-block-heading--v2 stk-block stk-4b2866d\" data-block-id=\"4b2866d\"><style>.stk-4b2866d {margin-top:20px !important;margin-bottom:0px !important;}.stk-4b2866d .stk-block-heading__text{font-size:24px !important;}@media screen and (max-width:999px){.stk-4b2866d .stk-block-heading__text{font-size:24px !important;}}<\/style><h2 class=\"stk-block-heading__text has-text-align-center\"><\/h2><\/div>\n\n\n\n<p><strong><em>En el marco de la II Feria Internacional de Telecomunicaciones, se llev\u00f3 a cabo la I SuperLiga de fusiones de fibra \u00f3ptica, una competencia in\u00e9dita en Venezuela que mide la capacidad t\u00e9cnico-operativa de los mejores expertos en instalaci\u00f3n y manejo de esta tecnolog\u00eda.<\/em><\/strong><\/p>\n\n\n\n<div class=\"wp-block-stackable-image stk-block-image stk-block stk-a22b4fe\" data-block-id=\"a22b4fe\"><style>.stk-a22b4fe .stk-img-wrapper{width:80% !important;height:320px !important;}.stk-a22b4fe .stk-img-wrapper img{object-fit:scale-down !important;}@media screen and (max-width:689px){.stk-a22b4fe .stk-img-wrapper{width:100% !important;height:111px !important;}.stk-a22b4fe .stk-img-wrapper img{object-fit:scale-down !important;}}<\/style><figure><span class=\"stk-img-wrapper stk-image--shape-stretch\"><img fetchpriority=\"high\" decoding=\"async\" class=\"stk-img wp-image-3259\" src=\"https:\/\/conatel.gob.ve\/wp-content\/uploads\/2024\/09\/Edicion-de-la-SuperLiga-de-fusiones-de-fibra-optica-1126x361-1.jpg\" width=\"1126\" height=\"361\" srcset=\"https:\/\/conatel.gob.ve\/wp-content\/uploads\/2024\/09\/Edicion-de-la-SuperLiga-de-fusiones-de-fibra-optica-1126x361-1.jpg 1126w, https:\/\/conatel.gob.ve\/wp-content\/uploads\/2024\/09\/Edicion-de-la-SuperLiga-de-fusiones-de-fibra-optica-1126x361-1-300x96.jpg 300w, https:\/\/conatel.gob.ve\/wp-content\/uploads\/2024\/09\/Edicion-de-la-SuperLiga-de-fusiones-de-fibra-optica-1126x361-1-1024x328.jpg 1024w, https:\/\/conatel.gob.ve\/wp-content\/uploads\/2024\/09\/Edicion-de-la-SuperLiga-de-fusiones-de-fibra-optica-1126x361-1-768x246.jpg 768w\" sizes=\"(max-width: 1126px) 100vw, 1126px\" \/><\/span><\/figure><\/div>\n\n\n\n<p class=\"justificar\">Con la finalidad de seguir apoyando el talento nacional y blindar la capacidad y soberan\u00eda en telecomunicaciones de Venezuela, la II Feria Internacional de Telecomunicaciones de Venezuela (<strong>Fitelven<\/strong>) ha organizado una competencia in\u00e9dita en el pa\u00eds: <strong>la I Edici\u00f3n de la SuperLiga de fusiones de fibra \u00f3ptica<\/strong>, que mide la capacidad t\u00e9cnico-operativa de los mejores expertos en esta tecnolog\u00eda que est\u00e1 marcando la vanguardia tecnol\u00f3gica de la patria.<\/p>\n\n\n\n<p class=\"justificar\">As\u00ed, desde el <strong>d\u00eda martes 17 de septiembre, y hasta el s\u00e1bado 21<\/strong>, se llev\u00f3 a cabo esta marat\u00f3n, que ya ha pasado por las fases de clasificatorias, desarrolladas en el Hotel Eurobuilding, hasta llegar a la gran final en las categor\u00edas de cuadrillas y fusiones de fibra \u00f3ptica individuales en el Poliedro de Caracas.<\/p>\n\n\n\n<p class=\"justificar\">De acuerdo con el ingeniero<strong> Victor Escudero, Gerente de Seguimiento Regulatorio de CONATEL<\/strong>, en esta <strong>SuperLiga <\/strong>se busca reconocer la capacidad de los t\u00e9cnicos en fibra \u00f3ptica para instalar desde cero una conexi\u00f3n o reparar fallas y aver\u00edas, una labor que hacen d\u00eda a d\u00eda estos profesionales de las distintas operadoras de servicio de Internet del pa\u00eds.<\/p>\n\n\n\n<p class=\"justificar\">\u00abEsta competencia determina qu\u00e9 t\u00e9cnico hace la m\u00e1xima cantidad de <strong>fusiones en 30 minutos<\/strong>, de modo que se identifique qu\u00e9 talento hace a corto plazo la mayor cantidad de fusiones\u00bb, explic\u00f3 el representante de <strong>CONATEL<\/strong>.<\/p>\n\n\n\n<p class=\"justificar\">En cuanto a la categor\u00eda cuadrilla, el <strong>ingeniero Gabriel Pr\u00edncipe<\/strong>, perteneciente a <strong>CONATEL<\/strong>, detall\u00f3 que \u00abesta competencia consta de un equipo conformado por dos t\u00e9cnicos, ellos deben completar un circuito de fibra \u00f3ptica como si estuviesen haciendo una instalaci\u00f3n desde la central de un prestador de servicios de Internet, hasta el hogar de las personas, todo en 45 minutos o menos\u00bb.<\/p>\n\n\n\n<p class=\"justificar\">De esta manera, <strong>la Fitelven 2024<\/strong>, premia el talento nacional, apostando por los t\u00e9cnicos en fibra \u00f3ptica venezolanos e incentivando su trabajo para interconectar y mejorar cada d\u00eda las velocidades de Internet del pa\u00eds, como parte de la Ley Plan de la Patria 2019-2025 del gobierno del presidente Nicol\u00e1s Maduro Moros y que igualmente est\u00e1 reflejado en el Plan Nacional de Telecomunicaciones de <strong>CONATEL<\/strong>, impulsado por la gesti\u00f3n del <strong>M\/G Jorge Eli\u00e9ser M\u00e1rquez Monsalve<\/strong>.<\/p>\n\n\n\n<p>Premios, evaluaci\u00f3n y calendario de clasificatorias<\/p>\n\n\n\n<p class=\"justificar\">Antes de que un equipo pudiera pasar a la siguiente etapa de la <strong>SuperLiga <\/strong>de fusiones de fibra \u00f3ptica 2024, un bur\u00f3 de expertos hicieron pruebas de validaci\u00f3n del circuito de fibra \u00f3ptica que est\u00e1 compitiendo, para corroborar que se hicieron correctamente las fusiones y comprobar que no tengan ninguna falla. Una vez que se ha hecho este an\u00e1lisis t\u00e9cnico, el tiempo de ejecuci\u00f3n ser\u00e1 el mejor aliado de los ganadores.<\/p>\n\n\n\n<p class=\"justificar\">\u00abEs importante que se pueda validar la rapidez y el talento de los t\u00e9cnicos\u00bb, insisti\u00f3 <strong>Gabriel Pr\u00edncipe, juez de la competencia<\/strong>, quien asegur\u00f3 que para que un trabajo pueda pasar la ronda clasificatoria, se consideran aspectos como rapidez, eficiencia, eficacia as\u00ed como la existencia de posibles fallas que impidan la correcta transmisi\u00f3n de los datos. Adem\u00e1s, el factor tiempo es importante para medir qu\u00e9 tan r\u00e1pido pueden estos t\u00e9cnicos resolver cualquier falla, un asunto de vital importancia cuando se traslada a la cotidianidad de Venezuela.<\/p>\n\n\n\n<p class=\"justificar\">Las distintas etapas de la SuperLiga de fusiones de fibra \u00f3ptica, en la que los participantes optan por premios en met\u00e1lico para los primeros lugares, fueron organizadas de la siguiente forma:<\/p>\n\n\n\n<p class=\"justificar\"><strong>Martes 17 de septiembre:<\/strong> Primeras rondas clasificatorias de todos los equipos inscritos para sacar los seis semifinalistas para las categor\u00edas de fusi\u00f3n r\u00e1pida<\/p>\n\n\n\n<p class=\"justificar\"><strong>Mi\u00e9rcoles 18 de septiembre:<\/strong> Ronda eliminatoria para los 6 clasificados de la categor\u00eda cuadrilla.<\/p>\n\n\n\n<p class=\"justificar\"><strong>Jueves 19 de septiembre:<\/strong> Semifinal en la categor\u00eda cuadrilla&nbsp; en la que resultaron clasificados cuatro equipos para la gran final.<\/p>\n\n\n\n<p class=\"justificar\"><strong>Viernes 20 de septiembre:<\/strong> Semifinal en la que participaron seis competidores para elegir a los tres m\u00e1s r\u00e1pidos que pasar\u00e1n a la final.<\/p>\n\n\n\n<p class=\"justificar\"><strong>S\u00e1bado 21 de septiembre:<\/strong> Gran final de la SuperLiga de fusiones de fibra \u00f3ptica 2024 en todas las categor\u00edas.<\/p>\n\n\n\n<p>Tras realizarse la gran final, se entregaron premios a los tres primeros lugares.<\/p>\n\n\n\n<p>Los mejores de la competencia fueron:<\/p>\n\n\n\n<p><em>Individual<\/em><\/p>\n\n\n\n<p>Primer lugar: <strong>Carlos Acevedo (Cantv)<\/strong><\/p>\n\n\n\n<p>Segundo Lugar: <strong>Kelvin Blanco (Cantv)<\/strong><\/p>\n\n\n\n<p>Tercer lugar: <strong>Jackson Acevedo (Inter)<\/strong><\/p>\n\n\n\n<p>Cuadrillas<\/p>\n\n\n\n<p>Primer Lugar: <strong>Miguel Figueroa y Yanclin Morffe (Vnet)<\/strong><\/p>\n\n\n\n<p>Segundo Lugar: <strong>Douglas Hern\u00e1ndez y Jos\u00e9 Garc\u00eda (Netcom)<\/strong><\/p>\n\n\n\n<p style=\"margin-bottom:var(--wp--preset--spacing--30)\">Tercer lugar: <strong>Jos\u00e9 Carmona y Jackson Avenda\u00f1o (Inter)<\/strong><\/p>\n\n\n\n<p><\/p>\n","protected":false},"excerpt":{"rendered":"<p>En el marco de la II Feria Internacional de Telecomunicaciones, se llev\u00f3 a cabo la I SuperLiga de fusiones de fibra \u00f3ptica, una competencia in\u00e9dita en Venezuela que mide la capacidad t\u00e9cnico-operativa de los mejores expertos en instalaci\u00f3n y manejo de esta tecnolog\u00eda. Con la finalidad de seguir apoyando el talento nacional y blindar la [&hellip;]<\/p>\n","protected":false},"author":7,"featured_media":3580,"comment_status":"closed","ping_status":"closed","sticky":false,"template":"","format":"standard","meta":{"footnotes":""},"categories":[5],"tags":[],"class_list":["post-3258","post","type-post","status-publish","format-standard","has-post-thumbnail","hentry","category-prueba"],"blocksy_meta":[],"_links":{"self":[{"href":"https:\/\/conatel.gob.ve\/index.php?rest_route=\/wp\/v2\/posts\/3258","targetHints":{"allow":["GET"]}}],"collection":[{"href":"https:\/\/conatel.gob.ve\/index.php?rest_route=\/wp\/v2\/posts"}],"about":[{"href":"https:\/\/conatel.gob.ve\/index.php?rest_route=\/wp\/v2\/types\/post"}],"author":[{"embeddable":true,"href":"https:\/\/conatel.gob.ve\/index.php?rest_route=\/wp\/v2\/users\/7"}],"replies":[{"embeddable":true,"href":"https:\/\/conatel.gob.ve\/index.php?rest_route=%2Fwp%2Fv2%2Fcomments&post=3258"}],"version-history":[{"count":6,"href":"https:\/\/conatel.gob.ve\/index.php?rest_route=\/wp\/v2\/posts\/3258\/revisions"}],"predecessor-version":[{"id":3595,"href":"https:\/\/conatel.gob.ve\/index.php?rest_route=\/wp\/v2\/posts\/3258\/revisions\/3595"}],"wp:featuredmedia":[{"embeddable":true,"href":"https:\/\/conatel.gob.ve\/index.php?rest_route=\/wp\/v2\/media\/3580"}],"wp:attachment":[{"href":"https:\/\/conatel.gob.ve\/index.php?rest_route=%2Fwp%2Fv2%2Fmedia&parent=3258"}],"wp:term":[{"taxonomy":"category","embeddable":true,"href":"https:\/\/conatel.gob.ve\/index.php?rest_route=%2Fwp%2Fv2%2Fcategories&post=3258"},{"taxonomy":"post_tag","embeddable":true,"href":"https:\/\/conatel.gob.ve\/index.php?rest_route=%2Fwp%2Fv2%2Ftags&post=3258"}],"curies":[{"name":"wp","href":"https:\/\/api.w.org\/{rel}","templated":true}]}}