{"id":3285,"date":"2024-09-23T10:00:19","date_gmt":"2024-09-23T14:00:19","guid":{"rendered":"https:\/\/conatel.gob.ve\/?page_id=3285"},"modified":"2024-10-21T16:16:19","modified_gmt":"2024-10-21T20:16:19","slug":"fitelven-2024-cerro-con-42-mil-asistentes-y-48-millones-de-dolares-en-negociaciones","status":"publish","type":"post","link":"https:\/\/conatel.gob.ve\/?p=3285","title":{"rendered":"Fitelven 2024 cerr\u00f3 con 42 mil asistentes y 48 millones de d\u00f3lares en negociaciones"},"content":{"rendered":"\n<p><strong><em>El presidente Nicol\u00e1s Maduro asegur\u00f3 que se encuentra feliz por los resultados de la II edici\u00f3n de la Feria Internacional de las Telecomunicaciones que mostr\u00f3 una vez m\u00e1s el trabajo que est\u00e1n realizando los venezolanos para impulsar el desarrollo tecnol\u00f3gico del pa\u00eds.<\/em><\/strong><\/p>\n\n\n\n<div class=\"wp-block-stackable-image stk-block-image stk-block stk-7cb5762\" data-block-id=\"7cb5762\"><style>.stk-7cb5762 .stk-img-wrapper{width:80% !important;height:320px !important;}.stk-7cb5762 .stk-img-wrapper img{object-fit:scale-down !important;}@media screen and (max-width:689px){.stk-7cb5762 .stk-img-wrapper{width:99% !important;height:114px !important;}}<\/style><figure><span class=\"stk-img-wrapper stk-image--shape-stretch\"><img fetchpriority=\"high\" decoding=\"async\" class=\"stk-img wp-image-3286\" src=\"https:\/\/conatel.gob.ve\/wp-content\/uploads\/2024\/09\/Nota-de-Prensa-24-septiembre-2024_1125x360.png\" width=\"1125\" height=\"360\" srcset=\"https:\/\/conatel.gob.ve\/wp-content\/uploads\/2024\/09\/Nota-de-Prensa-24-septiembre-2024_1125x360.png 1125w, https:\/\/conatel.gob.ve\/wp-content\/uploads\/2024\/09\/Nota-de-Prensa-24-septiembre-2024_1125x360-300x96.png 300w, https:\/\/conatel.gob.ve\/wp-content\/uploads\/2024\/09\/Nota-de-Prensa-24-septiembre-2024_1125x360-1024x328.png 1024w, https:\/\/conatel.gob.ve\/wp-content\/uploads\/2024\/09\/Nota-de-Prensa-24-septiembre-2024_1125x360-768x246.png 768w\" sizes=\"(max-width: 1125px) 100vw, 1125px\" \/><\/span><\/figure><\/div>\n\n\n\n<p class=\"justificar\">La <strong>Feria Internacional de las Telecomunicaciones Venezuela (Fitelven) 2024<\/strong>, cerr\u00f3 su segunda edici\u00f3n con la <strong>asistencia de 42 mil personas<\/strong> y la negociaci\u00f3n de 48 millones de d\u00f3lares en convenios, alianzas, comercio de Internet y la creaci\u00f3n de una f\u00e1brica de fibra \u00f3ptica.<\/p>\n\n\n\n<p class=\"justificar\">El anuncio lo hizo el <strong>Vicepresidente Sectorial de Obras y Servicios P\u00fablicos y Director General de Conatel, M\/G Jorge Eli\u00e9ser M\u00e1rquez Monsalve<\/strong>, durante la emisi\u00f3n n\u00famero 58 del programa <strong>ConMaduro+<\/strong>, en el que present\u00f3 un balance de la <strong>Fitelven<\/strong> al presidente de la Rep\u00fablica Bolivariana de Venezuela, <strong>Nicol\u00e1s Maduro Moros<\/strong>.<\/p>\n\n\n\n<p class=\"justificar\">En palabras del Primer Mandatario venezolano, estos resultados demuestran que el sector telecomunicaciones crece, se expande, se consolida y va a la punta de la econom\u00eda venezolana.<\/p>\n\n\n\n<p class=\"justificar\">Esta misma impresi\u00f3n la comparti\u00f3 el<strong> M\/G M\u00e1rquez Monsalve<\/strong>, quien se\u00f1al\u00f3 que con la <strong>Fitelven 2024<\/strong> se demostr\u00f3 la senda de desarrollo que transita Venezuela, algo que a su juicio no es una casualidad sino que es producto de las acertadas pol\u00edticas del presidente Maduro.<\/p>\n\n\n\n<p class=\"justificar\">En su balance, el Vicepresidente Sectorial de Obras y Servicios P\u00fablicos revel\u00f3 que en los \u00faltimos a\u00f1os la cantidad de operadores del servicio de Internet ha crecido exponencialmente hasta pasar de 90 empresas en 2017 a 270 en 2024.<\/p>\n\n\n\n<p class=\"justificar\">Igualmente destac\u00f3 que hace 4 a\u00f1os el consumo de Internet era de 1.6 terabytes, logrando aumentar en 2024 a 11.1 terabytes, lo que representa un crecimiento de 246 por ciento.<\/p>\n\n\n\n<p class=\"justificar\">En palabras del Presidente Nicol\u00e1s Maduro, este crecimiento impacta la vida social y econ\u00f3mica, y se ve reflejado en que cada vez m\u00e1s venezolanos se encuentran conectados a las Tecnolog\u00edas de la Informaci\u00f3n y la Comunicaci\u00f3n.<\/p>\n\n\n\n<p><\/p>\n","protected":false},"excerpt":{"rendered":"<p>El presidente Nicol\u00e1s Maduro asegur\u00f3 que se encuentra feliz por los resultados de la II edici\u00f3n de la Feria Internacional de las Telecomunicaciones que mostr\u00f3 una vez m\u00e1s el trabajo que est\u00e1n realizando los venezolanos para impulsar el desarrollo tecnol\u00f3gico del pa\u00eds. La Feria Internacional de las Telecomunicaciones Venezuela (Fitelven) 2024, cerr\u00f3 su segunda edici\u00f3n [&hellip;]<\/p>\n","protected":false},"author":7,"featured_media":3698,"comment_status":"closed","ping_status":"closed","sticky":false,"template":"","format":"standard","meta":{"footnotes":""},"categories":[5],"tags":[],"class_list":["post-3285","post","type-post","status-publish","format-standard","has-post-thumbnail","hentry","category-prueba"],"blocksy_meta":[],"_links":{"self":[{"href":"https:\/\/conatel.gob.ve\/index.php?rest_route=\/wp\/v2\/posts\/3285","targetHints":{"allow":["GET"]}}],"collection":[{"href":"https:\/\/conatel.gob.ve\/index.php?rest_route=\/wp\/v2\/posts"}],"about":[{"href":"https:\/\/conatel.gob.ve\/index.php?rest_route=\/wp\/v2\/types\/post"}],"author":[{"embeddable":true,"href":"https:\/\/conatel.gob.ve\/index.php?rest_route=\/wp\/v2\/users\/7"}],"replies":[{"embeddable":true,"href":"https:\/\/conatel.gob.ve\/index.php?rest_route=%2Fwp%2Fv2%2Fcomments&post=3285"}],"version-history":[{"count":5,"href":"https:\/\/conatel.gob.ve\/index.php?rest_route=\/wp\/v2\/posts\/3285\/revisions"}],"predecessor-version":[{"id":3680,"href":"https:\/\/conatel.gob.ve\/index.php?rest_route=\/wp\/v2\/posts\/3285\/revisions\/3680"}],"wp:featuredmedia":[{"embeddable":true,"href":"https:\/\/conatel.gob.ve\/index.php?rest_route=\/wp\/v2\/media\/3698"}],"wp:attachment":[{"href":"https:\/\/conatel.gob.ve\/index.php?rest_route=%2Fwp%2Fv2%2Fmedia&parent=3285"}],"wp:term":[{"taxonomy":"category","embeddable":true,"href":"https:\/\/conatel.gob.ve\/index.php?rest_route=%2Fwp%2Fv2%2Fcategories&post=3285"},{"taxonomy":"post_tag","embeddable":true,"href":"https:\/\/conatel.gob.ve\/index.php?rest_route=%2Fwp%2Fv2%2Ftags&post=3285"}],"curies":[{"name":"wp","href":"https:\/\/api.w.org\/{rel}","templated":true}]}}