{"id":3295,"date":"2024-09-24T10:20:24","date_gmt":"2024-09-24T14:20:24","guid":{"rendered":"https:\/\/conatel.gob.ve\/?page_id=3295"},"modified":"2024-10-24T09:10:48","modified_gmt":"2024-10-24T13:10:48","slug":"presidente-nicolas-maduro-firmo-autorizacion-para-iniciar-proceso-de-oferta-publica-de-la-tecnologia-5g","status":"publish","type":"post","link":"https:\/\/conatel.gob.ve\/?p=3295","title":{"rendered":"Presidente Nicol\u00e1s Maduro firm\u00f3 autorizaci\u00f3n para iniciar proceso de oferta p\u00fablica de la tecnolog\u00eda 5G"},"content":{"rendered":"\n<div class=\"wp-block-stackable-heading stk-block-heading stk-block-heading--v2 stk-block stk-a6706c0\" data-block-id=\"a6706c0\"><style>.stk-a6706c0 {margin-top:20px !important;margin-bottom:0px !important;}.stk-a6706c0 .stk-block-heading__text{font-size:24px !important;}@media screen and (max-width:999px){.stk-a6706c0 .stk-block-heading__text{font-size:24px !important;}}@media screen and (max-width:689px){.stk-a6706c0 {margin-bottom:11px !important;}}<\/style><h2 class=\"stk-block-heading__text has-text-align-center\"><\/h2><\/div>\n\n\n\n<p><strong><em>El Jefe de Estado se reuni\u00f3 con operadores de servicios de telecomunicaciones en su programa ConMaduro+, en donde adem\u00e1s felicit\u00f3 el trabajo de todas las empresas que se unieron a la Fitelven en su segunda edici\u00f3n.<\/em><\/strong><\/p>\n\n\n\n<div class=\"wp-block-stackable-image stk-block-image stk-block stk-6eaa833\" data-block-id=\"6eaa833\"><style>.stk-6eaa833 .stk-img-wrapper{width:92% !important;height:205px !important;}.stk-6eaa833 .stk-img-wrapper img{object-fit:scale-down !important;}@media screen and (max-width:689px){.stk-6eaa833 {margin-bottom:10px !important;}.stk-6eaa833 .stk-img-wrapper{width:100% !important;height:91px !important;}.stk-6eaa833 .stk-img-wrapper img{object-fit:scale-down !important;}}<\/style><figure><span class=\"stk-img-wrapper stk-image--shape-stretch\"><img fetchpriority=\"high\" decoding=\"async\" class=\"stk-img wp-image-3296\" src=\"https:\/\/conatel.gob.ve\/wp-content\/uploads\/2024\/09\/Nota-1125-5g-2-03-03-1125\u200a\u00d7\u200a360.jpg\" width=\"1125\" height=\"360\" srcset=\"https:\/\/conatel.gob.ve\/wp-content\/uploads\/2024\/09\/Nota-1125-5g-2-03-03-1125\u200a\u00d7\u200a360.jpg 1125w, https:\/\/conatel.gob.ve\/wp-content\/uploads\/2024\/09\/Nota-1125-5g-2-03-03-1125\u200a\u00d7\u200a360-300x96.jpg 300w, https:\/\/conatel.gob.ve\/wp-content\/uploads\/2024\/09\/Nota-1125-5g-2-03-03-1125\u200a\u00d7\u200a360-1024x328.jpg 1024w, https:\/\/conatel.gob.ve\/wp-content\/uploads\/2024\/09\/Nota-1125-5g-2-03-03-1125\u200a\u00d7\u200a360-768x246.jpg 768w\" sizes=\"(max-width: 1125px) 100vw, 1125px\" \/><\/span><\/figure><\/div>\n\n\n\n<p class=\"justificar\"><strong>El Presidente de la Rep\u00fablica Bolivariana de Venezuela, Nicol\u00e1s Maduro Moros<\/strong>, firm\u00f3 el punto de cuenta para iniciar proceso de Oferta P\u00fablica para el Otorgamiento de Porciones del <strong>Espectro Radioel\u00e9ctrico 5G<\/strong>, a fin de desarrollar y desplegar nuevas tecnolog\u00edas de comunicaciones en el pa\u00eds.<\/p>\n\n\n\n<p class=\"justificar\">El punto de cuenta fue entregado al Jefe de Estado este lunes por el <strong>Vicepresidente Sectorial de Obras y Servicios P\u00fablicos, Jorge Eli\u00e9ser M\u00e1rquez Monsalve<\/strong>, quien adem\u00e1s present\u00f3 un balance de la Feria Internacional de Telecomunicaciones Venezuela <strong>(Fitelven) 2024<\/strong>.<\/p>\n\n\n\n<p class=\"justificar\">Durante la transmisi\u00f3n de <strong>ConMaduro+<\/strong> el presidente de la empresa de telecomunicaciones Digitel, Luis Bernardo P\u00e9rez, indic\u00f3 que actualmente hay 200 hogares en Venezuela conectados a Internet a trav\u00e9s de la red 5G, prueba que lleg\u00f3 a 100 hogares de Margarita y 100 de Barinas.<\/p>\n\n\n\n<p class=\"justificar\">Otros ensayos con la tecnolog\u00eda 5G son realizados en los estados La Guaira y Caracas, de acuerdo con lo manifestado por el presidente de la empresa de telefon\u00eda m\u00f3vil de Venezuela, Movilnet, An\u00edbal Brice\u00f1o.<\/p>\n\n\n\n<p class=\"justificar\">En su intervenci\u00f3n, An\u00edbal Brice\u00f1o destac\u00f3 que la tecnolog\u00eda 5G no s\u00f3lo representar\u00e1 una ventaja para las familias, sino que con ella el pa\u00eds puede apalancar procesos industriales muy importantes.<\/p>\n\n\n\n<p class=\"justificar\">Por otra parte, el Vicepresidente Sectorial M\/G Jorge M\u00e1rquez, anunci\u00f3 que 16 mil escuelas venezolanas ya se encuentran conectadas a Internet y que est\u00e1n trabajando para llegar pronto al 100% de la meta.<\/p>\n\n\n\n<p><strong>IXP Venezuela<\/strong><\/p>\n\n\n\n<p class=\"justificar\">El presidente Nicol\u00e1s maduro tambi\u00e9n abord\u00f3 en la <strong>edici\u00f3n n\u00famero 58<\/strong> de su programa <strong>ConMaduro+<\/strong> la Constituci\u00f3n de la Asociaci\u00f3n IXP Venezuela, que permitir\u00e1 a los operadores crear un punto de intercambio de tr\u00e1fico en territorio venezolano.<\/p>\n\n\n\n<p class=\"justificar\">La puesta en marcha del Punto de Intercambio de Internet ayudar\u00eda a Venezuela a blindarse en materia de ciberseguridad, ya que todo el tr\u00e1fico de datos ser\u00eda interno.<\/p>\n\n\n\n<p class=\"justificar\" style=\"margin-bottom:var(--wp--preset--spacing--30)\">Esto tambi\u00e9n se traducir\u00eda en una menor latencia y en una mayor velocidad de conexi\u00f3n, lo que beneficiar\u00eda directamente a los usuarios del servicio de Internet.<\/p>\n","protected":false},"excerpt":{"rendered":"<p>El Jefe de Estado se reuni\u00f3 con operadores de servicios de telecomunicaciones en su programa ConMaduro+, en donde adem\u00e1s felicit\u00f3 el trabajo de todas las empresas que se unieron a la Fitelven en su segunda edici\u00f3n. El Presidente de la Rep\u00fablica Bolivariana de Venezuela, Nicol\u00e1s Maduro Moros, firm\u00f3 el punto de cuenta para iniciar proceso [&hellip;]<\/p>\n","protected":false},"author":7,"featured_media":3729,"comment_status":"closed","ping_status":"closed","sticky":false,"template":"","format":"standard","meta":{"footnotes":""},"categories":[5],"tags":[],"class_list":["post-3295","post","type-post","status-publish","format-standard","has-post-thumbnail","hentry","category-prueba"],"blocksy_meta":[],"_links":{"self":[{"href":"https:\/\/conatel.gob.ve\/index.php?rest_route=\/wp\/v2\/posts\/3295","targetHints":{"allow":["GET"]}}],"collection":[{"href":"https:\/\/conatel.gob.ve\/index.php?rest_route=\/wp\/v2\/posts"}],"about":[{"href":"https:\/\/conatel.gob.ve\/index.php?rest_route=\/wp\/v2\/types\/post"}],"author":[{"embeddable":true,"href":"https:\/\/conatel.gob.ve\/index.php?rest_route=\/wp\/v2\/users\/7"}],"replies":[{"embeddable":true,"href":"https:\/\/conatel.gob.ve\/index.php?rest_route=%2Fwp%2Fv2%2Fcomments&post=3295"}],"version-history":[{"count":5,"href":"https:\/\/conatel.gob.ve\/index.php?rest_route=\/wp\/v2\/posts\/3295\/revisions"}],"predecessor-version":[{"id":3716,"href":"https:\/\/conatel.gob.ve\/index.php?rest_route=\/wp\/v2\/posts\/3295\/revisions\/3716"}],"wp:featuredmedia":[{"embeddable":true,"href":"https:\/\/conatel.gob.ve\/index.php?rest_route=\/wp\/v2\/media\/3729"}],"wp:attachment":[{"href":"https:\/\/conatel.gob.ve\/index.php?rest_route=%2Fwp%2Fv2%2Fmedia&parent=3295"}],"wp:term":[{"taxonomy":"category","embeddable":true,"href":"https:\/\/conatel.gob.ve\/index.php?rest_route=%2Fwp%2Fv2%2Fcategories&post=3295"},{"taxonomy":"post_tag","embeddable":true,"href":"https:\/\/conatel.gob.ve\/index.php?rest_route=%2Fwp%2Fv2%2Ftags&post=3295"}],"curies":[{"name":"wp","href":"https:\/\/api.w.org\/{rel}","templated":true}]}}