{"id":3633,"date":"2024-10-09T10:27:31","date_gmt":"2024-10-09T14:27:31","guid":{"rendered":"https:\/\/conatel.gob.ve\/?page_id=3633"},"modified":"2024-11-14T14:53:06","modified_gmt":"2024-11-14T18:53:06","slug":"radio-miraflores-cumple-8-anos-dando-la-batalla-comunicacional-y-siendo-la-casa-de-conatel-al-aire","status":"publish","type":"post","link":"https:\/\/conatel.gob.ve\/?p=3633","title":{"rendered":"Radio Miraflores cumple 8 a\u00f1os dando la batalla comunicacional y siendo la casa de CONATEL Al Aire"},"content":{"rendered":"\n<p><\/p>\n\n\n\n<div class=\"wp-block-stackable-heading stk-block-heading stk-block-heading--v2 stk-block stk-270a4f9\" id=\"radio-miraflores-cumple-8-anos-dando-la-batalla-comunicacional-y-siendo-la-casa-de-conatel-al-aire\" data-block-id=\"270a4f9\"><h4 class=\"stk-block-heading__text has-text-align-center\">Radio Miraflores cumple 8 a\u00f1os dando la batalla comunicacional y siendo la casa de CONATEL Al Aire<\/h4><\/div>\n\n\n\n<div class=\"wp-block-stackable-image stk-block-image stk-block stk-b1c6c7c\" data-block-id=\"b1c6c7c\"><style>.stk-b1c6c7c .stk-img-wrapper img{object-fit:scale-down !important;}<\/style><figure><span class=\"stk-img-wrapper stk-image--shape-stretch\"><img fetchpriority=\"high\" decoding=\"async\" class=\"stk-img wp-image-3635\" src=\"https:\/\/conatel.gob.ve\/wp-content\/uploads\/2024\/10\/Notas-jueves-02.png\" width=\"1920\" height=\"620\" alt=\"Radio Miraflores cumple 8 a\u00f1os dando la batalla\" srcset=\"https:\/\/conatel.gob.ve\/wp-content\/uploads\/2024\/10\/Notas-jueves-02.png 1920w, https:\/\/conatel.gob.ve\/wp-content\/uploads\/2024\/10\/Notas-jueves-02-300x97.png 300w, https:\/\/conatel.gob.ve\/wp-content\/uploads\/2024\/10\/Notas-jueves-02-1024x331.png 1024w, https:\/\/conatel.gob.ve\/wp-content\/uploads\/2024\/10\/Notas-jueves-02-768x248.png 768w, https:\/\/conatel.gob.ve\/wp-content\/uploads\/2024\/10\/Notas-jueves-02-1536x496.png 1536w\" sizes=\"(max-width: 1920px) 100vw, 1920px\" \/><\/span><\/figure><\/div>\n\n\n\n<p class=\"justificar\">El 10 de octubre de 2016 sal\u00eda al aire Radio Miraflores a trav\u00e9s de su se\u00f1al matriz 95.9 FM. Desde sus estudios en el Palacio de Miraflores, se emitieron los primeros programas de este nuevo medio, creado para continuar con un modelo comunicacional plural, abierto e inmediato, que replique la verdad de la Revoluci\u00f3n Bolivariana a Venezuela y al mundo.<\/p>\n\n\n\n<p class=\"justificar\">Con una programaci\u00f3n variada y abierta, Radio Miraflores transmite desde su se\u00f1al matriz en Caracas, 95.9 FM, con diales propios en 14 estados del pa\u00eds.<\/p>\n\n\n\n<p class=\"justificar\">El 3 de julio de 2018 obtuvo el car\u00e1cter de Fundaci\u00f3n Radio Miraflores, con personalidad jur\u00eddica y patrimonio propio, para la administraci\u00f3n de una concesi\u00f3n de televisi\u00f3n abierta, en frecuencia UTF-VHF, digital y satelital, y radiodifusi\u00f3n sonora AM y FM.<\/p>\n\n\n\n<p class=\"justificar\"><strong>Radio Miraflores: La casa de CONATEL Al Aire<\/strong><\/p>\n\n\n\n<p class=\"justificar\">Dos a\u00f1os y medio despu\u00e9s de su creaci\u00f3n, Radio Miraflores se convert\u00eda en la casa del programa informativo y de opini\u00f3n de la Comisi\u00f3n Nacional de Telecomunicaciones (CONATEL).<\/p>\n\n\n\n<p>Bautizado como \u00abCONATEL Al Aire\u00bb, sali\u00f3 al aire por primera vez el 18 de diciembre de 2018.<\/p>\n\n\n\n<p class=\"justificar\">Actualmente, CONATEL Al Aire es transmitido todos los mi\u00e9rcoles a trav\u00e9s de la se\u00f1al de Radio Miraflores en el espacio de 10 a 11 de la ma\u00f1ana. Adem\u00e1s, la ventana informativa y de opini\u00f3n de la Comisi\u00f3n, que ya tiene 324 programas emitidos a la fecha, aborda temas de actualidad del sector telecomunicaciones, ciencia y tecnolog\u00eda.<\/p>\n\n\n\n<p class=\"justificar\">Su transmisi\u00f3n tambi\u00e9n est\u00e1 disponible por la se\u00f1al digital del sitio web de Radio Miraflores y a trav\u00e9s del canal oficial de YouTube de la emisora.<\/p>\n\n\n\n<p><\/p>\n","protected":false},"excerpt":{"rendered":"<p>Radio Miraflores cumple 8 a\u00f1os dando la batalla comunicacional y siendo la casa de CONATEL Al Aire El 10 de octubre de 2016 sal\u00eda al aire Radio Miraflores a trav\u00e9s de su se\u00f1al matriz 95.9 FM. Desde sus estudios en el Palacio de Miraflores, se emitieron los primeros programas de este nuevo medio, creado para [&hellip;]<\/p>\n","protected":false},"author":7,"featured_media":3935,"comment_status":"closed","ping_status":"closed","sticky":false,"template":"","format":"standard","meta":{"footnotes":""},"categories":[5],"tags":[],"class_list":["post-3633","post","type-post","status-publish","format-standard","has-post-thumbnail","hentry","category-prueba"],"blocksy_meta":[],"_links":{"self":[{"href":"https:\/\/conatel.gob.ve\/index.php?rest_route=\/wp\/v2\/posts\/3633","targetHints":{"allow":["GET"]}}],"collection":[{"href":"https:\/\/conatel.gob.ve\/index.php?rest_route=\/wp\/v2\/posts"}],"about":[{"href":"https:\/\/conatel.gob.ve\/index.php?rest_route=\/wp\/v2\/types\/post"}],"author":[{"embeddable":true,"href":"https:\/\/conatel.gob.ve\/index.php?rest_route=\/wp\/v2\/users\/7"}],"replies":[{"embeddable":true,"href":"https:\/\/conatel.gob.ve\/index.php?rest_route=%2Fwp%2Fv2%2Fcomments&post=3633"}],"version-history":[{"count":8,"href":"https:\/\/conatel.gob.ve\/index.php?rest_route=\/wp\/v2\/posts\/3633\/revisions"}],"predecessor-version":[{"id":3963,"href":"https:\/\/conatel.gob.ve\/index.php?rest_route=\/wp\/v2\/posts\/3633\/revisions\/3963"}],"wp:featuredmedia":[{"embeddable":true,"href":"https:\/\/conatel.gob.ve\/index.php?rest_route=\/wp\/v2\/media\/3935"}],"wp:attachment":[{"href":"https:\/\/conatel.gob.ve\/index.php?rest_route=%2Fwp%2Fv2%2Fmedia&parent=3633"}],"wp:term":[{"taxonomy":"category","embeddable":true,"href":"https:\/\/conatel.gob.ve\/index.php?rest_route=%2Fwp%2Fv2%2Fcategories&post=3633"},{"taxonomy":"post_tag","embeddable":true,"href":"https:\/\/conatel.gob.ve\/index.php?rest_route=%2Fwp%2Fv2%2Ftags&post=3633"}],"curies":[{"name":"wp","href":"https:\/\/api.w.org\/{rel}","templated":true}]}}