{"id":4468,"date":"2024-12-12T18:37:30","date_gmt":"2024-12-12T22:37:30","guid":{"rendered":"https:\/\/conatel.gob.ve\/?page_id=4468"},"modified":"2025-01-21T10:46:38","modified_gmt":"2025-01-21T14:46:38","slug":"expertos-llaman-a-padres-a-establecer-limites-en-el-uso-de-las-tecnologias","status":"publish","type":"post","link":"https:\/\/conatel.gob.ve\/?p=4468","title":{"rendered":"Expertos llaman a padres a establecer l\u00edmites en el uso de las tecnolog\u00edas"},"content":{"rendered":"\n<p class=\"justificar\"><strong><em>La familia es determinante para impedir que las ni\u00f1as, ni\u00f1os y adolescentes incurran en usos indebidos de la tecnolog\u00eda, o realicen pr\u00e1cticas con ella que atenten contra su integridad.<\/em><\/strong><\/p>\n\n\n\n<div class=\"wp-block-stackable-image stk-block-image stk-block stk-8d20a37\" data-block-id=\"8d20a37\"><style>.stk-8d20a37 .stk-img-wrapper{width:80% !important;height:320px !important;}.stk-8d20a37 .stk-img-wrapper img{object-fit:scale-down !important;}@media screen and (max-width:689px){.stk-8d20a37 .stk-img-wrapper{width:95% !important;height:107px !important;}.stk-8d20a37 .stk-img-wrapper img{object-fit:scale-down !important;}}<\/style><figure><span class=\"stk-img-wrapper stk-image--shape-stretch\"><img fetchpriority=\"high\" decoding=\"async\" class=\"stk-img wp-image-4469\" src=\"https:\/\/conatel.gob.ve\/wp-content\/uploads\/2024\/12\/CONATELexpertos_165.png\" width=\"1125\" height=\"360\" alt=\"CONATEL,expertos llaman crear limites padres\" srcset=\"https:\/\/conatel.gob.ve\/wp-content\/uploads\/2024\/12\/CONATELexpertos_165.png 1125w, https:\/\/conatel.gob.ve\/wp-content\/uploads\/2024\/12\/CONATELexpertos_165-300x96.png 300w, https:\/\/conatel.gob.ve\/wp-content\/uploads\/2024\/12\/CONATELexpertos_165-1024x328.png 1024w, https:\/\/conatel.gob.ve\/wp-content\/uploads\/2024\/12\/CONATELexpertos_165-768x246.png 768w\" sizes=\"(max-width: 1125px) 100vw, 1125px\" \/><\/span><\/figure><\/div>\n\n\n\n<p class=\"justificar\">El soci\u00f3logo y profesor universitario <strong>H\u00e9ctor Guti\u00e9rrez Garc\u00eda<\/strong> invit\u00f3 a los padres y representantes, durante su participaci\u00f3n en el programa oficial de la Comisi\u00f3n Nacional de Telecomunicaciones, <strong>Conatel al Aire<\/strong>, a crear un cerco de seguridad alrededor de los m\u00e1s peque\u00f1os del hogar, para protegerlos de las nuevas tecnolog\u00edas.<\/p>\n\n\n\n<p class=\"justificar\">En ese sentido, el especialista asegur\u00f3 que la familia debe establecer \u201cl\u00edmites respecto al uso de las tecnolog\u00edas\u201d y desarrollar conciencia respecto a \u201clos riesgos de ciertos juegos y aplicaciones\u201d, para que de esta forma la protecci\u00f3n empiece en casa.<\/p>\n\n\n\n<p class=\"justificar\">El objetivo es que cada representante est\u00e9 al tanto de lo que hace y con qui\u00e9n interact\u00faa el ni\u00f1o o adolescente.<\/p>\n\n\n\n<p class=\"justificar\">Esta aseveraci\u00f3n viene a respaldar lo indicado por la<strong> psic\u00f3loga Ovilia Su\u00e1rez<\/strong>, la semana pasada en el programa radial de <strong>CONATEL<\/strong>, qui\u00e9n destac\u00f3 que no se debe impedir el uso de las tecnolog\u00edas a ni\u00f1as, ni\u00f1os y adolescentes, pero s\u00ed limitarla para procurar su bienestar f\u00edsico, emocional y mental.<\/p>\n\n\n\n<p class=\"justificar\">\u00bfC\u00f3mo prevenir que los ni\u00f1os se conviertan en v\u00edctimas de la tecnolog\u00eda?<\/p>\n\n\n\n<p class=\"justificar\">Para el soci\u00f3logo H\u00e9ctor Gutierrez Garc\u00eda, lo principal es que los padres desarrollen una relaci\u00f3n sana con sus hijos, para que puedan recibir informaci\u00f3n detallada y de forma voluntaria acerca de lo que hacen con sus dispositivos.<\/p>\n\n\n\n<p class=\"justificar\" style=\"margin-bottom:var(--wp--preset--spacing--40)\">Adicionalmente, es importante que hagan uso de las herramientas de control parental y que tambi\u00e9n verifiquen, de propia mano, el uso que hacen del celular o tablet los ni\u00f1os o adolescentes.<\/p>\n","protected":false},"excerpt":{"rendered":"<p>La familia es determinante para impedir que las ni\u00f1as, ni\u00f1os y adolescentes incurran en usos indebidos de la tecnolog\u00eda, o realicen pr\u00e1cticas con ella que atenten contra su integridad. El soci\u00f3logo y profesor universitario H\u00e9ctor Guti\u00e9rrez Garc\u00eda invit\u00f3 a los padres y representantes, durante su participaci\u00f3n en el programa oficial de la Comisi\u00f3n Nacional de [&hellip;]<\/p>\n","protected":false},"author":7,"featured_media":4874,"comment_status":"closed","ping_status":"closed","sticky":false,"template":"","format":"standard","meta":{"footnotes":""},"categories":[5],"tags":[],"class_list":["post-4468","post","type-post","status-publish","format-standard","has-post-thumbnail","hentry","category-prueba"],"blocksy_meta":[],"_links":{"self":[{"href":"https:\/\/conatel.gob.ve\/index.php?rest_route=\/wp\/v2\/posts\/4468","targetHints":{"allow":["GET"]}}],"collection":[{"href":"https:\/\/conatel.gob.ve\/index.php?rest_route=\/wp\/v2\/posts"}],"about":[{"href":"https:\/\/conatel.gob.ve\/index.php?rest_route=\/wp\/v2\/types\/post"}],"author":[{"embeddable":true,"href":"https:\/\/conatel.gob.ve\/index.php?rest_route=\/wp\/v2\/users\/7"}],"replies":[{"embeddable":true,"href":"https:\/\/conatel.gob.ve\/index.php?rest_route=%2Fwp%2Fv2%2Fcomments&post=4468"}],"version-history":[{"count":5,"href":"https:\/\/conatel.gob.ve\/index.php?rest_route=\/wp\/v2\/posts\/4468\/revisions"}],"predecessor-version":[{"id":4886,"href":"https:\/\/conatel.gob.ve\/index.php?rest_route=\/wp\/v2\/posts\/4468\/revisions\/4886"}],"wp:featuredmedia":[{"embeddable":true,"href":"https:\/\/conatel.gob.ve\/index.php?rest_route=\/wp\/v2\/media\/4874"}],"wp:attachment":[{"href":"https:\/\/conatel.gob.ve\/index.php?rest_route=%2Fwp%2Fv2%2Fmedia&parent=4468"}],"wp:term":[{"taxonomy":"category","embeddable":true,"href":"https:\/\/conatel.gob.ve\/index.php?rest_route=%2Fwp%2Fv2%2Fcategories&post=4468"},{"taxonomy":"post_tag","embeddable":true,"href":"https:\/\/conatel.gob.ve\/index.php?rest_route=%2Fwp%2Fv2%2Ftags&post=4468"}],"curies":[{"name":"wp","href":"https:\/\/api.w.org\/{rel}","templated":true}]}}