{"id":4859,"date":"2025-01-20T16:30:10","date_gmt":"2025-01-20T20:30:10","guid":{"rendered":"https:\/\/conatel.gob.ve\/?page_id=4859"},"modified":"2025-02-04T09:50:25","modified_gmt":"2025-02-04T13:50:25","slug":"gobierno-nacional-potenciara-sistema-patria-enmarcado-en-el-plan-de-las-7t-y-el-sistema-de-gobierno-comunal","status":"publish","type":"post","link":"https:\/\/conatel.gob.ve\/?p=4859","title":{"rendered":"Gobierno Nacional potenciar\u00e1 Sistema Patria enmarcado en el Plan de las 7T y el Sistema de Gobierno Comunal"},"content":{"rendered":"\n<div class=\"wp-block-stackable-image stk-block-image stk-block stk-7311022\" data-block-id=\"7311022\"><style>.stk-7311022 .stk-img-wrapper img{object-fit:scale-down !important;}<\/style><figure><span class=\"stk-img-wrapper stk-image--shape-stretch\"><img fetchpriority=\"high\" decoding=\"async\" class=\"stk-img wp-image-4860\" src=\"https:\/\/conatel.gob.ve\/wp-content\/uploads\/2025\/01\/20-1125\u200a\u00d7\u200a360.png\" width=\"1125\" height=\"360\" alt=\"Gobierno Nacional potenciar\u00e1 Sistema Patria enmarcado en el Plan de las 7T \" srcset=\"https:\/\/conatel.gob.ve\/wp-content\/uploads\/2025\/01\/20-1125\u200a\u00d7\u200a360.png 1125w, https:\/\/conatel.gob.ve\/wp-content\/uploads\/2025\/01\/20-1125\u200a\u00d7\u200a360-300x96.png 300w, https:\/\/conatel.gob.ve\/wp-content\/uploads\/2025\/01\/20-1125\u200a\u00d7\u200a360-1024x328.png 1024w, https:\/\/conatel.gob.ve\/wp-content\/uploads\/2025\/01\/20-1125\u200a\u00d7\u200a360-768x246.png 768w\" sizes=\"(max-width: 1125px) 100vw, 1125px\" \/><\/span><\/figure><\/div>\n\n\n\n<p class=\"justificar\">El presidente <strong>Nicol\u00e1s Maduro Moros<\/strong> inform\u00f3 al pueblo venezolano el pasado mi\u00e9rcoles, durante su memoria y cuenta, acerca de la activaci\u00f3n de un sistema de protecci\u00f3n social, basado en la <strong>Plataforma Patria<\/strong> y validado con el nuevo Sistema de Gobierno Comunal.<\/p>\n\n\n\n<p class=\"justificar\">La finalidad de este nuevo sistema es abocarse a aquellas familias venezolanas que tienen mayor vulnerabilidad, brind\u00e1ndoles una atenci\u00f3n integral enmarcada en las <strong>7T<\/strong> que pone en ejecuci\u00f3n el Gobierno Nacional para el <strong>per\u00edodo 2025-2031<\/strong>.<\/p>\n\n\n\n<p class=\"justificar\" style=\"margin-bottom:var(--wp--preset--spacing--40)\">Estos circuitos ser\u00e1n el brazo ejecutor que diagnosticar\u00e1 las necesidades inmediatas de la colectividad, para atender los requerimientos de salud y necesidades econ\u00f3micas, tal como ha hecho el Gobierno Bolivariano desde la creaci\u00f3n del Carnet de la Patria, un mecanismo que dio paso al Sistema Patria, que hoy evolucionar\u00e1 para seguir protegiendo al pueblo venezolano.<\/p>\n\n\n\n<p><\/p>\n","protected":false},"excerpt":{"rendered":"<p>El presidente Nicol\u00e1s Maduro Moros inform\u00f3 al pueblo venezolano el pasado mi\u00e9rcoles, durante su memoria y cuenta, acerca de la activaci\u00f3n de un sistema de protecci\u00f3n social, basado en la Plataforma Patria y validado con el nuevo Sistema de Gobierno Comunal. La finalidad de este nuevo sistema es abocarse a aquellas familias venezolanas que tienen [&hellip;]<\/p>\n","protected":false},"author":7,"featured_media":5079,"comment_status":"closed","ping_status":"closed","sticky":false,"template":"","format":"standard","meta":{"footnotes":""},"categories":[5],"tags":[],"class_list":["post-4859","post","type-post","status-publish","format-standard","has-post-thumbnail","hentry","category-prueba"],"blocksy_meta":[],"_links":{"self":[{"href":"https:\/\/conatel.gob.ve\/index.php?rest_route=\/wp\/v2\/posts\/4859","targetHints":{"allow":["GET"]}}],"collection":[{"href":"https:\/\/conatel.gob.ve\/index.php?rest_route=\/wp\/v2\/posts"}],"about":[{"href":"https:\/\/conatel.gob.ve\/index.php?rest_route=\/wp\/v2\/types\/post"}],"author":[{"embeddable":true,"href":"https:\/\/conatel.gob.ve\/index.php?rest_route=\/wp\/v2\/users\/7"}],"replies":[{"embeddable":true,"href":"https:\/\/conatel.gob.ve\/index.php?rest_route=%2Fwp%2Fv2%2Fcomments&post=4859"}],"version-history":[{"count":4,"href":"https:\/\/conatel.gob.ve\/index.php?rest_route=\/wp\/v2\/posts\/4859\/revisions"}],"predecessor-version":[{"id":5125,"href":"https:\/\/conatel.gob.ve\/index.php?rest_route=\/wp\/v2\/posts\/4859\/revisions\/5125"}],"wp:featuredmedia":[{"embeddable":true,"href":"https:\/\/conatel.gob.ve\/index.php?rest_route=\/wp\/v2\/media\/5079"}],"wp:attachment":[{"href":"https:\/\/conatel.gob.ve\/index.php?rest_route=%2Fwp%2Fv2%2Fmedia&parent=4859"}],"wp:term":[{"taxonomy":"category","embeddable":true,"href":"https:\/\/conatel.gob.ve\/index.php?rest_route=%2Fwp%2Fv2%2Fcategories&post=4859"},{"taxonomy":"post_tag","embeddable":true,"href":"https:\/\/conatel.gob.ve\/index.php?rest_route=%2Fwp%2Fv2%2Ftags&post=4859"}],"curies":[{"name":"wp","href":"https:\/\/api.w.org\/{rel}","templated":true}]}}