{"id":5550,"date":"2025-03-12T15:06:02","date_gmt":"2025-03-12T19:06:02","guid":{"rendered":"https:\/\/conatel.gob.ve\/?page_id=5550"},"modified":"2025-04-14T08:44:40","modified_gmt":"2025-04-14T12:44:40","slug":"especialistas-proponen-que-18-anos-sea-la-edad-minima-para-tener-redes-sociales","status":"publish","type":"post","link":"https:\/\/conatel.gob.ve\/?p=5550","title":{"rendered":"Especialistas proponen que 18 a\u00f1os sea la edad m\u00ednima para tener redes sociales"},"content":{"rendered":"\n<p class=\"justificar\"><strong><em>Andrea Cimino, abogada, coach para familias y conferencista, destac\u00f3 durante su participaci\u00f3n en el programa Conatel al Aire que a su juicio 18 a\u00f1os deber\u00eda ser la edad m\u00ednima para hacer uso de las redes sociales.<\/em><\/strong><\/p>\n\n\n\n<div class=\"wp-block-stackable-image stk-block-image stk-block stk-7320d3c\" data-block-id=\"7320d3c\"><style>.stk-7320d3c .stk-img-wrapper img{object-fit:scale-down !important;}<\/style><figure><span class=\"stk-img-wrapper stk-image--shape-stretch\"><img fetchpriority=\"high\" decoding=\"async\" class=\"stk-img wp-image-5551\" src=\"https:\/\/conatel.gob.ve\/wp-content\/uploads\/2025\/03\/Especialistas_proponen_18_edad_minima_redes_sociales_1125x360.png\" width=\"1125\" height=\"360\" alt=\"Especialistas proponen que 18 a\u00f1os sea la edad m\u00ednima para tener redes sociales\" srcset=\"https:\/\/conatel.gob.ve\/wp-content\/uploads\/2025\/03\/Especialistas_proponen_18_edad_minima_redes_sociales_1125x360.png 1125w, https:\/\/conatel.gob.ve\/wp-content\/uploads\/2025\/03\/Especialistas_proponen_18_edad_minima_redes_sociales_1125x360-300x96.png 300w, https:\/\/conatel.gob.ve\/wp-content\/uploads\/2025\/03\/Especialistas_proponen_18_edad_minima_redes_sociales_1125x360-1024x328.png 1024w, https:\/\/conatel.gob.ve\/wp-content\/uploads\/2025\/03\/Especialistas_proponen_18_edad_minima_redes_sociales_1125x360-768x246.png 768w\" sizes=\"(max-width: 1125px) 100vw, 1125px\" \/><\/span><\/figure><\/div>\n\n\n\n<p class=\"justificar\">Para Cimino si un menor de edad no puede dar su consentimiento para actos legales, entonces no deber\u00eda estar expuesto a plataformas en donde su seguridad pueda verse comprometida.<\/p>\n\n\n\n<p class=\"justificar\">La <strong>abogada y coach familiar<\/strong> acot\u00f3 que a trav\u00e9s de estudios se ha comprobado que el uso en exceso de dispositivos electr\u00f3nicos en menores de edad genera ansiedad y problemas de concentraci\u00f3n, lo que en definitiva afecta su rendimiento acad\u00e9mico.<\/p>\n\n\n\n<p class=\"justificar\">Para la especialista, la sociedad normaliz\u00f3 que ni\u00f1os y adolescentes pasen gran parte de su tiempo frente a pantallas, sin cuestionarnos si esto es realmente beneficioso para ellos.<\/p>\n\n\n\n<p class=\"justificar\">\u00abA diferencia de otras adaptaciones, que suelen hacerse con cautela, en el caso de la tecnolog\u00eda la adoptamos r\u00e1pidamente, vi\u00e9ndola como sin\u00f3nimo de progreso y futuro\u00bb, explic\u00f3.<\/p>\n\n\n\n<p class=\"justificar\">Asimismo, record\u00f3 que las aplicaciones y dispositivos est\u00e1n dise\u00f1ados para optimizar la econom\u00eda del tiempo, pero en realidad, terminamos perdiendo tiempo en su uso.<\/p>\n\n\n\n<p class=\"justificar\">\u00abEsto nos lleva a desconectarnos gradualmente de la realidad y de las actividades importantes de la vida cotidiana. En el caso de los adultos, es crucial preguntarse qu\u00e9 est\u00e1n dejando de hacer en la vida real debido al tiempo invertido en dispositivos\u00bb.<\/p>\n\n\n\n<p class=\"justificar\" style=\"margin-bottom:var(--wp--preset--spacing--40)\">Para finalizar la entrevista, <strong>Andrea Cimino<\/strong> manifest\u00f3 la importancia del rol que deben cumplir los padres y docentes en la formaci\u00f3n de ni\u00f1os, ni\u00f1as y adolescentes, asegurando que deben aprender a detectar y evaluar las actitudes de los menores cuando se exponen al uso de dispositivos electr\u00f3nicos para atacar cualquier problema a tiempo.<\/p>\n","protected":false},"excerpt":{"rendered":"<p>Andrea Cimino, abogada, coach para familias y conferencista, destac\u00f3 durante su participaci\u00f3n en el programa Conatel al Aire que a su juicio 18 a\u00f1os deber\u00eda ser la edad m\u00ednima para hacer uso de las redes sociales. Para Cimino si un menor de edad no puede dar su consentimiento para actos legales, entonces no deber\u00eda estar [&hellip;]<\/p>\n","protected":false},"author":7,"featured_media":6058,"comment_status":"closed","ping_status":"closed","sticky":false,"template":"","format":"standard","meta":{"footnotes":""},"categories":[5],"tags":[],"class_list":["post-5550","post","type-post","status-publish","format-standard","has-post-thumbnail","hentry","category-prueba"],"blocksy_meta":[],"_links":{"self":[{"href":"https:\/\/conatel.gob.ve\/index.php?rest_route=\/wp\/v2\/posts\/5550","targetHints":{"allow":["GET"]}}],"collection":[{"href":"https:\/\/conatel.gob.ve\/index.php?rest_route=\/wp\/v2\/posts"}],"about":[{"href":"https:\/\/conatel.gob.ve\/index.php?rest_route=\/wp\/v2\/types\/post"}],"author":[{"embeddable":true,"href":"https:\/\/conatel.gob.ve\/index.php?rest_route=\/wp\/v2\/users\/7"}],"replies":[{"embeddable":true,"href":"https:\/\/conatel.gob.ve\/index.php?rest_route=%2Fwp%2Fv2%2Fcomments&post=5550"}],"version-history":[{"count":2,"href":"https:\/\/conatel.gob.ve\/index.php?rest_route=\/wp\/v2\/posts\/5550\/revisions"}],"predecessor-version":[{"id":6059,"href":"https:\/\/conatel.gob.ve\/index.php?rest_route=\/wp\/v2\/posts\/5550\/revisions\/6059"}],"wp:featuredmedia":[{"embeddable":true,"href":"https:\/\/conatel.gob.ve\/index.php?rest_route=\/wp\/v2\/media\/6058"}],"wp:attachment":[{"href":"https:\/\/conatel.gob.ve\/index.php?rest_route=%2Fwp%2Fv2%2Fmedia&parent=5550"}],"wp:term":[{"taxonomy":"category","embeddable":true,"href":"https:\/\/conatel.gob.ve\/index.php?rest_route=%2Fwp%2Fv2%2Fcategories&post=5550"},{"taxonomy":"post_tag","embeddable":true,"href":"https:\/\/conatel.gob.ve\/index.php?rest_route=%2Fwp%2Fv2%2Ftags&post=5550"}],"curies":[{"name":"wp","href":"https:\/\/api.w.org\/{rel}","templated":true}]}}