{"id":5629,"date":"2025-03-18T08:53:00","date_gmt":"2025-03-18T12:53:00","guid":{"rendered":"https:\/\/conatel.gob.ve\/?page_id=5629"},"modified":"2025-04-14T08:34:27","modified_gmt":"2025-04-14T12:34:27","slug":"educacion-emocional-clave-para-resguardar-a-la-juventud-de-peligros-en-las-redes-sociales","status":"publish","type":"post","link":"https:\/\/conatel.gob.ve\/?p=5629","title":{"rendered":"Educaci\u00f3n emocional: clave para resguardar a la juventud de peligros en las redes sociales"},"content":{"rendered":"\n<p class=\"justificar\"><strong><em>La Dra. Aura Az\u00f3car, psiquiatra infantojuvenil y miembro de la Sociedad Venezolana de Psiquiatr\u00eda, alert\u00f3 sobre el creciente problema de la adicci\u00f3n a las redes sociales y su impacto en la salud mental de ni\u00f1os y adolescentes.<\/em><\/strong><\/p>\n\n\n\n<div class=\"wp-block-stackable-image stk-block-image stk-block stk-b6d7b05\" data-block-id=\"b6d7b05\"><style>.stk-b6d7b05 .stk-img-wrapper img{object-fit:scale-down !important;}@media screen and (max-width:689px){.stk-b6d7b05 .stk-img-wrapper img{object-fit:scale-down !important;}}<\/style><figure><span class=\"stk-img-wrapper stk-image--shape-stretch\"><img fetchpriority=\"high\" decoding=\"async\" class=\"stk-img wp-image-5630\" src=\"https:\/\/conatel.gob.ve\/wp-content\/uploads\/2025\/03\/Educacion_emocional_1135x360.png\" width=\"1125\" height=\"360\" alt=\"Educaci\u00f3n emocional clave para resguardar a la juventud de peligros en las redes sociales\" srcset=\"https:\/\/conatel.gob.ve\/wp-content\/uploads\/2025\/03\/Educacion_emocional_1135x360.png 1125w, https:\/\/conatel.gob.ve\/wp-content\/uploads\/2025\/03\/Educacion_emocional_1135x360-300x96.png 300w, https:\/\/conatel.gob.ve\/wp-content\/uploads\/2025\/03\/Educacion_emocional_1135x360-1024x328.png 1024w, https:\/\/conatel.gob.ve\/wp-content\/uploads\/2025\/03\/Educacion_emocional_1135x360-768x246.png 768w\" sizes=\"(max-width: 1125px) 100vw, 1125px\" \/><\/span><\/figure><\/div>\n\n\n\n<p class=\"justificar\">Durante su participaci\u00f3n en el cuarto episodio de Con\u00e9ctate, el <strong>podcast de Conatel<\/strong>, la especialista destac\u00f3 la importancia de establecer l\u00edmites claros en el uso de la tecnolog\u00eda, as\u00ed como fomentar la educaci\u00f3n emocional en ni\u00f1os y j\u00f3venes.<\/p>\n\n\n\n<p class=\"justificar\">La <strong>Dra. Az\u00f3car<\/strong> explic\u00f3 que la adicci\u00f3n a las redes sociales puede desencadenar problemas de conducta en ni\u00f1os y adolescentes, y que el impacto en la salud mental es m\u00e1s pronunciado en las ni\u00f1as y mujeres j\u00f3venes, quienes est\u00e1n m\u00e1s expuestas a los estereotipos y presiones sociales que se difunden a trav\u00e9s de estas plataformas.<\/p>\n\n\n\n<p class=\"justificar\">Adem\u00e1s, se\u00f1al\u00f3 que incluso los ni\u00f1os peque\u00f1os pueden desarrollar adicci\u00f3n a las pantallas, aunque no tengan acceso a redes sociales, y que el problema se agrava en mayores de 13 a\u00f1os.<\/p>\n\n\n\n<p class=\"justificar\">Entre los trastornos m\u00e1s comunes asociados a esta adicci\u00f3n se encuentran la ansiedad y la depresi\u00f3n. La especialista tambi\u00e9n mencion\u00f3 que algunos ni\u00f1os y adolescentes pueden tener patolog\u00edas previamente establecidas que se ven exacerbadas por el uso excesivo de la tecnolog\u00eda.<\/p>\n\n\n\n<p class=\"justificar\">\u00ab<strong>La adicci\u00f3n a las redes sociales es muy parecida a la de las drogas<\/strong>\u00ab, afirm\u00f3, ya que al ingresar a una red social o recibir notificaciones, se activa el mecanismo de recompensa en el cerebro, lo que genera un ciclo de dependencia.<\/p>\n\n\n\n<p class=\"justificar\">De acuerdo con la psiquiatra, lo que caracteriza la adicci\u00f3n es un uso compulsivo de algo, en este caso, las redes sociales.<\/p>\n\n\n\n<p class=\"justificar\">Por otra parte, destac\u00f3 que los adolescentes son particularmente vulnerables a participar en retos virales y a buscar validaci\u00f3n a trav\u00e9s de likes, seguidores y visualizaciones, lo que refleja una necesidad de aceptaci\u00f3n social similar a la que antes se manifestaba en el entorno escolar.<\/p>\n\n\n\n<p class=\"justificar\">La psiquiatra hizo hincapi\u00e9 en la importancia de establecer l\u00edmites en el n\u00facleo familiar y en la necesidad de educar a padres y docentes sobre c\u00f3mo manejar este fen\u00f3meno.<\/p>\n\n\n\n<p class=\"justificar\">\u00abLa falta de l\u00edmites en el hogar es uno de los factores m\u00e1s preocupantes en los casos que hemos estudiado\u00bb, se\u00f1al\u00f3. Tambi\u00e9n subray\u00f3 la importancia de cuidar la autoestima de ni\u00f1os y adolescentes, ya que esta es la base para una crianza sana y feliz.<\/p>\n\n\n\n<p class=\"justificar\" style=\"margin-bottom:var(--wp--preset--spacing--40)\">Finalmente, la <strong>Dra. Az\u00f3car<\/strong> hizo un llamado a las comunidades para establecer figuras de liderazgo comunal que sirvan como autoridades morales y puedan hacer seguimiento de casos de bullying y otras situaciones que afecten a ni\u00f1os, ni\u00f1as y adolescentes. \u00abEs fundamental que todos trabajemos juntos para proteger a nuestros j\u00f3venes y garantizar su bienestar emocional\u00bb, concluy\u00f3.<\/p>\n","protected":false},"excerpt":{"rendered":"<p>La Dra. Aura Az\u00f3car, psiquiatra infantojuvenil y miembro de la Sociedad Venezolana de Psiquiatr\u00eda, alert\u00f3 sobre el creciente problema de la adicci\u00f3n a las redes sociales y su impacto en la salud mental de ni\u00f1os y adolescentes. Durante su participaci\u00f3n en el cuarto episodio de Con\u00e9ctate, el podcast de Conatel, la especialista destac\u00f3 la importancia [&hellip;]<\/p>\n","protected":false},"author":7,"featured_media":6051,"comment_status":"closed","ping_status":"closed","sticky":false,"template":"","format":"standard","meta":{"footnotes":""},"categories":[5],"tags":[],"class_list":["post-5629","post","type-post","status-publish","format-standard","has-post-thumbnail","hentry","category-prueba"],"blocksy_meta":[],"_links":{"self":[{"href":"https:\/\/conatel.gob.ve\/index.php?rest_route=\/wp\/v2\/posts\/5629","targetHints":{"allow":["GET"]}}],"collection":[{"href":"https:\/\/conatel.gob.ve\/index.php?rest_route=\/wp\/v2\/posts"}],"about":[{"href":"https:\/\/conatel.gob.ve\/index.php?rest_route=\/wp\/v2\/types\/post"}],"author":[{"embeddable":true,"href":"https:\/\/conatel.gob.ve\/index.php?rest_route=\/wp\/v2\/users\/7"}],"replies":[{"embeddable":true,"href":"https:\/\/conatel.gob.ve\/index.php?rest_route=%2Fwp%2Fv2%2Fcomments&post=5629"}],"version-history":[{"count":3,"href":"https:\/\/conatel.gob.ve\/index.php?rest_route=\/wp\/v2\/posts\/5629\/revisions"}],"predecessor-version":[{"id":6052,"href":"https:\/\/conatel.gob.ve\/index.php?rest_route=\/wp\/v2\/posts\/5629\/revisions\/6052"}],"wp:featuredmedia":[{"embeddable":true,"href":"https:\/\/conatel.gob.ve\/index.php?rest_route=\/wp\/v2\/media\/6051"}],"wp:attachment":[{"href":"https:\/\/conatel.gob.ve\/index.php?rest_route=%2Fwp%2Fv2%2Fmedia&parent=5629"}],"wp:term":[{"taxonomy":"category","embeddable":true,"href":"https:\/\/conatel.gob.ve\/index.php?rest_route=%2Fwp%2Fv2%2Fcategories&post=5629"},{"taxonomy":"post_tag","embeddable":true,"href":"https:\/\/conatel.gob.ve\/index.php?rest_route=%2Fwp%2Fv2%2Ftags&post=5629"}],"curies":[{"name":"wp","href":"https:\/\/api.w.org\/{rel}","templated":true}]}}