{"id":5878,"date":"2025-04-04T19:48:17","date_gmt":"2025-04-04T23:48:17","guid":{"rendered":"https:\/\/conatel.gob.ve\/?page_id=5878"},"modified":"2025-04-25T19:50:04","modified_gmt":"2025-04-25T23:50:04","slug":"innovadores-venezolanos-invitados-al-lanzamiento-del-13-motor-telecomunicaciones-y-nuevas-tecnologias","status":"publish","type":"post","link":"https:\/\/conatel.gob.ve\/?p=5878","title":{"rendered":"Innovadores venezolanos invitados al lanzamiento del 13 Motor Telecomunicaciones y Nuevas Tecnolog\u00edas"},"content":{"rendered":"\n<p class=\"justificar\"><strong><em>Innovadores venezolanos, dedicados al desarrollo de aplicaciones para diferentes sectores de la econom\u00eda, fueron invitados este viernes al lanzamiento del Motor Telecomunicaciones y Nuevas Tecnolog\u00edas, evento que se efectuar\u00e1 el pr\u00f3ximo mes de abril en el Poliedro de Caracas.<\/em><\/strong><\/p>\n\n\n\n<div class=\"wp-block-stackable-image stk-block-image stk-block stk-decdd12\" data-block-id=\"decdd12\"><style>.stk-decdd12 .stk-img-wrapper img{object-fit:scale-down !important;}@media screen and (max-width:689px){.stk-decdd12 .stk-img-wrapper img{object-fit:scale-down !important;}}<\/style><figure><span class=\"stk-img-wrapper stk-image--shape-stretch\"><img fetchpriority=\"high\" decoding=\"async\" class=\"stk-img wp-image-5879\" src=\"https:\/\/conatel.gob.ve\/wp-content\/uploads\/2025\/04\/Innovadores_venezolanos_invitados_lanzamiento_13_Motor_1125x320.png\" width=\"1125\" height=\"320\" alt=\"Innovadores venezolanos invitados al lanzamiento del 13\u00b0 Motor Telecomunicaciones y Nuevas Tecnolog\u00edas\" srcset=\"https:\/\/conatel.gob.ve\/wp-content\/uploads\/2025\/04\/Innovadores_venezolanos_invitados_lanzamiento_13_Motor_1125x320.png 1125w, https:\/\/conatel.gob.ve\/wp-content\/uploads\/2025\/04\/Innovadores_venezolanos_invitados_lanzamiento_13_Motor_1125x320-300x85.png 300w, https:\/\/conatel.gob.ve\/wp-content\/uploads\/2025\/04\/Innovadores_venezolanos_invitados_lanzamiento_13_Motor_1125x320-1024x291.png 1024w, https:\/\/conatel.gob.ve\/wp-content\/uploads\/2025\/04\/Innovadores_venezolanos_invitados_lanzamiento_13_Motor_1125x320-768x218.png 768w\" sizes=\"(max-width: 1125px) 100vw, 1125px\" \/><\/span><\/figure><\/div>\n\n\n\n<p class=\"justificar\">El encargado de extender esta invitaci\u00f3n fue el presidente del 13\u00b0 Motor \u00abTelecomunicaciones y Nuevas Tecnolog\u00edas\u00bb,<strong> Jorge Eli\u00e9ser M\u00e1rquez Monsalve<\/strong>, quien destac\u00f3 la intenci\u00f3n del Ejecutivo Nacional de visibilizar a los j\u00f3venes innovadores, para crear alianzas que impulsen sus actividades.<\/p>\n\n\n\n<p class=\"justificar\">El lanzamiento del Motor Telecomunicaciones y Nuevas Tecnolog\u00edas apoyar\u00e1 la integraci\u00f3n del talento joven al impulso de la econom\u00eda nacional, incluyendo a desarrolladores de software criollos que han presentado importantes innovaciones en lo que se refiere a aplicaciones.<\/p>\n\n\n\n<p class=\"justificar\"><strong>El 13\u00b0 Motor \u00abTelecomunicaciones y Nuevas Tecnolog\u00edas\u00bb<\/strong> tiene como objetivo consolidar el crecimiento de ambos sectores, garantizar la soberan\u00eda tecnol\u00f3gica e impactar positivamente a la sociedad con servicios cada vez m\u00e1s estables, din\u00e1micos y competitivos.<\/p>\n\n\n\n<p class=\"justificar\">En el encuentro con el sector tecnol\u00f3gico nacional, <strong>M\u00e1rquez <\/strong>record\u00f3 que en los \u00faltimos ocho a\u00f1os han logrado una gran sinergia con los operadores de telecomunicaciones, una meta que tambi\u00e9n se han planteado para sumar esfuerzos con los innovadores.<\/p>\n\n\n\n<p class=\"justificar\">\u00abS\u00ed, estamos compitiendo, pero detr\u00e1s hay amistad y un clima de cordialidad\u00bb, resalt\u00f3.<\/p>\n\n\n\n<p class=\"justificar\">Por otra parte, asegur\u00f3 que el sector tecnol\u00f3gico nacional cuenta con el apoyo del Gobierno del <strong>presidente Nicol\u00e1s Maduro<\/strong>.<\/p>\n\n\n\n<p class=\"justificar\">\u00abDesde el Motor, estamos dispuestos a escuchar sus recomendaciones y necesidades, para organizarnos y que esta relaci\u00f3n que inicia sea fruct\u00edfera. Nos sentimos muy agradecidos por su integraci\u00f3n\u00bb, explic\u00f3.<\/p>\n\n\n\n<p class=\"justificar\">A su juicio, la clave para que el sector de las Nuevas Tecnolog\u00edas crezca a\u00fan m\u00e1s, es que el Ejecutivo Nacional conozca sus necesidades.<\/p>\n\n\n\n<p class=\"justificar\" style=\"margin-bottom:var(--wp--preset--spacing--50)\">\u00abCon su apoyo, lograremos los resultados. Aqu\u00ed vamos a dejar el pellejo para que este sector, y todo lo que estamos construyendo, tenga \u00e9xito\u00bb, enfatiz\u00f3.<\/p>\n","protected":false},"excerpt":{"rendered":"<p>Innovadores venezolanos, dedicados al desarrollo de aplicaciones para diferentes sectores de la econom\u00eda, fueron invitados este viernes al lanzamiento del Motor Telecomunicaciones y Nuevas Tecnolog\u00edas, evento que se efectuar\u00e1 el pr\u00f3ximo mes de abril en el Poliedro de Caracas. El encargado de extender esta invitaci\u00f3n fue el presidente del 13\u00b0 Motor \u00abTelecomunicaciones y Nuevas Tecnolog\u00edas\u00bb, [&hellip;]<\/p>\n","protected":false},"author":7,"featured_media":6117,"comment_status":"closed","ping_status":"closed","sticky":false,"template":"","format":"standard","meta":{"footnotes":""},"categories":[5],"tags":[],"class_list":["post-5878","post","type-post","status-publish","format-standard","has-post-thumbnail","hentry","category-prueba"],"blocksy_meta":[],"_links":{"self":[{"href":"https:\/\/conatel.gob.ve\/index.php?rest_route=\/wp\/v2\/posts\/5878","targetHints":{"allow":["GET"]}}],"collection":[{"href":"https:\/\/conatel.gob.ve\/index.php?rest_route=\/wp\/v2\/posts"}],"about":[{"href":"https:\/\/conatel.gob.ve\/index.php?rest_route=\/wp\/v2\/types\/post"}],"author":[{"embeddable":true,"href":"https:\/\/conatel.gob.ve\/index.php?rest_route=\/wp\/v2\/users\/7"}],"replies":[{"embeddable":true,"href":"https:\/\/conatel.gob.ve\/index.php?rest_route=%2Fwp%2Fv2%2Fcomments&post=5878"}],"version-history":[{"count":4,"href":"https:\/\/conatel.gob.ve\/index.php?rest_route=\/wp\/v2\/posts\/5878\/revisions"}],"predecessor-version":[{"id":6118,"href":"https:\/\/conatel.gob.ve\/index.php?rest_route=\/wp\/v2\/posts\/5878\/revisions\/6118"}],"wp:featuredmedia":[{"embeddable":true,"href":"https:\/\/conatel.gob.ve\/index.php?rest_route=\/wp\/v2\/media\/6117"}],"wp:attachment":[{"href":"https:\/\/conatel.gob.ve\/index.php?rest_route=%2Fwp%2Fv2%2Fmedia&parent=5878"}],"wp:term":[{"taxonomy":"category","embeddable":true,"href":"https:\/\/conatel.gob.ve\/index.php?rest_route=%2Fwp%2Fv2%2Fcategories&post=5878"},{"taxonomy":"post_tag","embeddable":true,"href":"https:\/\/conatel.gob.ve\/index.php?rest_route=%2Fwp%2Fv2%2Ftags&post=5878"}],"curies":[{"name":"wp","href":"https:\/\/api.w.org\/{rel}","templated":true}]}}