{"id":8564,"date":"2025-11-07T15:39:35","date_gmt":"2025-11-07T19:39:35","guid":{"rendered":"https:\/\/conatel.gob.ve\/?page_id=8564"},"modified":"2025-11-28T15:36:52","modified_gmt":"2025-11-28T19:36:52","slug":"conatel-celebra-paisajes-y-valores-venezolanos-con-el-estreno-de-un-viaje-de-pelicula","status":"publish","type":"post","link":"https:\/\/conatel.gob.ve\/?p=8564","title":{"rendered":"Conatel celebra paisajes y valores venezolanos con el estreno de \u00abUn Viaje de Pel\u00edcula\u00bb"},"content":{"rendered":"\n<p class=\"justificar\"><strong><em>La producci\u00f3n audiovisual \u201cUn viaje de Pel\u00edcula\u201d, financiada por el Fondo de Responsabilidad Social de la Comisi\u00f3n Nacional de Telecomunicaciones (Conatel), se estren\u00f3 este 6 de noviembre en 34 salas a nivel nacional, llevando esta comedia rom\u00e1ntica a 15 estados del pa\u00eds para celebrar los paisajes y valores venezolanos.<\/em><\/strong><\/p>\n\n\n\n<div class=\"wp-block-stackable-image stk-block-image stk-block stk-270a44d\" data-block-id=\"270a44d\"><figure><span class=\"stk-img-wrapper stk-image--shape-stretch\"><img fetchpriority=\"high\" decoding=\"async\" class=\"stk-img wp-image-8577\" src=\"https:\/\/conatel.gob.ve\/wp-content\/uploads\/2025\/11\/Conatel-celebra-paisajes-y-valores-venezolanos-con-el-estreno_1125x360px.png\" width=\"1125\" height=\"320\" alt=\"Conatel celebra paisajes y valores venezolanos con el estreno de &quot;Un Viaje de Pel\u00edcula&quot; \" srcset=\"https:\/\/conatel.gob.ve\/wp-content\/uploads\/2025\/11\/Conatel-celebra-paisajes-y-valores-venezolanos-con-el-estreno_1125x360px.png 1125w, https:\/\/conatel.gob.ve\/wp-content\/uploads\/2025\/11\/Conatel-celebra-paisajes-y-valores-venezolanos-con-el-estreno_1125x360px-300x85.png 300w, https:\/\/conatel.gob.ve\/wp-content\/uploads\/2025\/11\/Conatel-celebra-paisajes-y-valores-venezolanos-con-el-estreno_1125x360px-1024x291.png 1024w, https:\/\/conatel.gob.ve\/wp-content\/uploads\/2025\/11\/Conatel-celebra-paisajes-y-valores-venezolanos-con-el-estreno_1125x360px-768x218.png 768w\" sizes=\"(max-width: 1125px) 100vw, 1125px\" \/><\/span><\/figure><\/div>\n\n\n\n<p class=\"justificar\">La obra, una iniciativa de Alvarado Films y Conatel, representa un ejemplo del apoyo que ofrece el Gobierno Bolivariano a la producci\u00f3n audiovisual independiente y al talento venezolano. Bajo la direcci\u00f3n de Carlos Daniel Alvarado, la cinta no solo busca entretener, sino tambi\u00e9n honrar la imponente naturaleza del pa\u00eds y promover valores de amistad, amor y autodescubrimiento.<\/p>\n\n\n\n<p class=\"justificar\">El director de la producci\u00f3n audiovisual, Carlos Daniel Alvarado, destac\u00f3 la magnitud de este estreno: \u201cesta aventura apenas comienza, desde hoy, en todas las carteleras a nivel nacional, en m\u00e1s de 18 ciudades, 15 estados. Estamos muy emocionados de poder llegar a cada rinc\u00f3n del pa\u00eds para que puedan disfrutar de esta maravillosa producci\u00f3n que es para toda la familia. Se van a divertir, van a viajar, van a gozar. As\u00ed que, no dejen de ver, \u2018Un Viaje de Pel\u00edcula\u2019\u201d.<\/p>\n\n\n\n<p class=\"justificar\">El filme, que narra las peripecias de cuatro estudiantes de cine durante la realizaci\u00f3n de un documental, contar\u00e1 con un amplio circuito de exhibici\u00f3n a trav\u00e9s de la red de Gran Cine, llegando a ciudades como Caracas, Maracaibo, Valencia, Barquisimeto, Maracay, M\u00e9rida, Puerto Ordaz, San Crist\u00f3bal, Margarita, Barcelona, entre otras.<\/p>\n\n\n\n<p class=\"justificar\">Protagonizada por Adriana Marvel, Jos\u00e9 Ram\u00f3n Barreto, Jhon Guitian, Laura Viera y Mario Becerra, \u201cUn viaje de pel\u00edcula\u201d se presenta como una producci\u00f3n viajera que combina humor, emoci\u00f3n y una cuidada belleza visual, dirigida a espectadores de todas las edades.<\/p>\n\n\n\n<p class=\"justificar\">Este proyecto refuerza el compromiso de Conatel con el desarrollo de contenidos de calidad y con la difusi\u00f3n de la cultura venezolana.<\/p>\n\n\n\n<p><\/p>\n","protected":false},"excerpt":{"rendered":"<p>La producci\u00f3n audiovisual \u201cUn viaje de Pel\u00edcula\u201d, financiada por el Fondo de Responsabilidad Social de la Comisi\u00f3n Nacional de Telecomunicaciones (Conatel), se estren\u00f3 este 6 de noviembre en 34 salas a nivel nacional, llevando esta comedia rom\u00e1ntica a 15 estados del pa\u00eds para celebrar los paisajes y valores venezolanos. La obra, una iniciativa de Alvarado [&hellip;]<\/p>\n","protected":false},"author":7,"featured_media":8868,"comment_status":"closed","ping_status":"closed","sticky":false,"template":"","format":"standard","meta":{"footnotes":""},"categories":[5],"tags":[11,12,14],"class_list":["post-8564","post","type-post","status-publish","format-standard","has-post-thumbnail","hentry","category-prueba","tag-conatel","tag-noticias","tag-telecomunicaciones"],"blocksy_meta":[],"_links":{"self":[{"href":"https:\/\/conatel.gob.ve\/index.php?rest_route=\/wp\/v2\/posts\/8564","targetHints":{"allow":["GET"]}}],"collection":[{"href":"https:\/\/conatel.gob.ve\/index.php?rest_route=\/wp\/v2\/posts"}],"about":[{"href":"https:\/\/conatel.gob.ve\/index.php?rest_route=\/wp\/v2\/types\/post"}],"author":[{"embeddable":true,"href":"https:\/\/conatel.gob.ve\/index.php?rest_route=\/wp\/v2\/users\/7"}],"replies":[{"embeddable":true,"href":"https:\/\/conatel.gob.ve\/index.php?rest_route=%2Fwp%2Fv2%2Fcomments&post=8564"}],"version-history":[{"count":4,"href":"https:\/\/conatel.gob.ve\/index.php?rest_route=\/wp\/v2\/posts\/8564\/revisions"}],"predecessor-version":[{"id":8843,"href":"https:\/\/conatel.gob.ve\/index.php?rest_route=\/wp\/v2\/posts\/8564\/revisions\/8843"}],"wp:featuredmedia":[{"embeddable":true,"href":"https:\/\/conatel.gob.ve\/index.php?rest_route=\/wp\/v2\/media\/8868"}],"wp:attachment":[{"href":"https:\/\/conatel.gob.ve\/index.php?rest_route=%2Fwp%2Fv2%2Fmedia&parent=8564"}],"wp:term":[{"taxonomy":"category","embeddable":true,"href":"https:\/\/conatel.gob.ve\/index.php?rest_route=%2Fwp%2Fv2%2Fcategories&post=8564"},{"taxonomy":"post_tag","embeddable":true,"href":"https:\/\/conatel.gob.ve\/index.php?rest_route=%2Fwp%2Fv2%2Ftags&post=8564"}],"curies":[{"name":"wp","href":"https:\/\/api.w.org\/{rel}","templated":true}]}}