{"id":8830,"date":"2025-11-28T08:26:14","date_gmt":"2025-11-28T12:26:14","guid":{"rendered":"https:\/\/conatel.gob.ve\/?page_id=8830"},"modified":"2026-01-08T10:52:07","modified_gmt":"2026-01-08T14:52:07","slug":"rector-de-la-uneti-hoy-mas-que-nunca-la-seguridad-informatica-es-un-tema-de-soberania-nacional","status":"publish","type":"post","link":"https:\/\/conatel.gob.ve\/?p=8830","title":{"rendered":"Rector de la UNETI: \u00abHoy m\u00e1s que nunca la seguridad inform\u00e1tica es un tema de soberan\u00eda nacional\u00bb"},"content":{"rendered":"\n<p class=\"justificar\"><strong><em>En el marco de la celebraci\u00f3n del D\u00eda Internacional de la Seguridad Inform\u00e1tica, el Dr. Carlos Berbeci, rector de la Universidad Nacional Experimental de las Telecomunicaciones e Inform\u00e1tica (UNETI), destac\u00f3 la importancia de la protecci\u00f3n de datos no solo como una medida t\u00e9cnica, sino como un pilar fundamental de la defensa y soberan\u00eda de Venezuela.<\/em><\/strong><\/p>\n\n\n\n<div class=\"wp-block-stackable-image stk-block-image stk-block stk-0b09426\" data-block-id=\"0b09426\"><style>.stk-0b09426 .stk-img-wrapper img{object-fit:scale-down !important;}@media screen and (max-width:689px){.stk-0b09426 .stk-img-wrapper img{object-fit:scale-down !important;}}<\/style><figure><span class=\"stk-img-wrapper stk-image--shape-stretch\"><img fetchpriority=\"high\" decoding=\"async\" class=\"stk-img wp-image-8831\" src=\"https:\/\/conatel.gob.ve\/wp-content\/uploads\/2025\/11\/Rector-de-la-UNETI_1125.png\" width=\"1125\" height=\"320\" alt=\"Rector de la UNETI: &quot;Hoy m\u00e1s que nunca la seguridad inform\u00e1tica es un tema de soberan\u00eda nacional&quot;\" srcset=\"https:\/\/conatel.gob.ve\/wp-content\/uploads\/2025\/11\/Rector-de-la-UNETI_1125.png 1125w, https:\/\/conatel.gob.ve\/wp-content\/uploads\/2025\/11\/Rector-de-la-UNETI_1125-300x85.png 300w, https:\/\/conatel.gob.ve\/wp-content\/uploads\/2025\/11\/Rector-de-la-UNETI_1125-1024x291.png 1024w, https:\/\/conatel.gob.ve\/wp-content\/uploads\/2025\/11\/Rector-de-la-UNETI_1125-768x218.png 768w\" sizes=\"(max-width: 1125px) 100vw, 1125px\" \/><\/span><\/figure><\/div>\n\n\n\n<p class=\"justificar\">Durante su participaci\u00f3n en el programa radial Conatel al Aire, transmitido por Radio Miraflores, Berbeci resalt\u00f3 que este 30 de noviembre se conmemora una fecha clave para concienciar sobre la necesidad de resguardar la informaci\u00f3n. \u00abEl recurso m\u00e1s importante que tiene un pa\u00eds es la informaci\u00f3n\u00bb, afirm\u00f3 el rector, subrayando que la seguridad digital trasciende la protecci\u00f3n de computadoras para convertirse en la defensa del futuro digital de la naci\u00f3n.<\/p>\n\n\n\n<p class=\"justificar\">Durante la entrevista, el rector inform\u00f3 que desde el 2024, Venezuela ha registrado m\u00e1s de 30 millones de ataques inform\u00e1ticos, algunos alcanzando picos de 700 gigabytes por segundo, dirigidos a sectores estrat\u00e9gicos como las telecomunicaciones, la banca, el Consejo Nacional Electoral (CNE) y el Sistema El\u00e9ctrico Nacional (SEN).<\/p>\n\n\n\n<p class=\"justificar\">Ante este escenario, Berbeci asegur\u00f3 que el pa\u00eds ha avanzado significativamente hacia una arquitectura tecnol\u00f3gica m\u00e1s robusta, migrando a sistemas m\u00e1s seguros y fomentando el uso de herramientas de c\u00f3digo abierto y soberanas. \u00abLa soberan\u00eda digital no se decreta, se construye, y Venezuela est\u00e1 construyendo su propia soberan\u00eda tecnol\u00f3gica\u00bb, asever\u00f3.<\/p>\n\n\n\n<p><strong>Formaci\u00f3n y Proyectos: Programa Nacional 2026<\/strong><\/p>\n\n\n\n<p class=\"justificar\">La UNETI juega un papel central en la estrategia de ciberdefensa mediante la educaci\u00f3n. El rector anunci\u00f3 que la universidad est\u00e1 desarrollando un ambicioso Programa Nacional de Capacitaci\u00f3n para el 2026, que incluir\u00e1 diplomados intensivos en \u00e1reas prioritarias como:<\/p>\n\n\n\n<p>    <strong>*<\/strong> Inform\u00e1tica forense digital.<br>    <strong>*<\/strong> Gesti\u00f3n de identidades y criptograf\u00eda.<br>   <strong> *<\/strong> Ciberinteligencia.<br>    <strong>*<\/strong> Seguridad en el desarrollo de software.<br>    <strong>*<\/strong> Seguridad en la Inteligencia Artificial (IA): Enfocada en predecir ataques y detener fallas en infraestructuras cr\u00edticas mediante algoritmos avanzados.<\/p>\n\n\n\n<p class=\"justificar\">Asimismo, destac\u00f3 el proyecto \u00abC\u00f3digo Juventud\u00bb, orientado a formar a j\u00f3venes entre 15 y 25 a\u00f1os en hacking \u00e9tico, detecci\u00f3n de enga\u00f1os digitales y uso responsable de redes sociales, con el objetivo de crear una generaci\u00f3n de relevo experta en ciberseguridad.<\/p>\n\n\n\n<p><strong>Consejos de ciberseguridad para la ciudadan\u00eda<\/strong><\/p>\n\n\n\n<p class=\"justificar\">El Dr. Berbeci enfatiz\u00f3 que el 90% de los ataques inform\u00e1ticos ocurren por error humano, por lo que inst\u00f3 a crear una cultura nacional de seguridad que inicie desde el hogar y las escuelas. Ofreci\u00f3 recomendaciones pr\u00e1cticas para que las personas protejan sus datos:<\/p>\n\n\n\n<p class=\"justificar\">Protecci\u00f3n de redes Wi-Fi: Cambiar las contrase\u00f1as predeterminadas de los routers, ocultar la red y utilizar claves robustas (alfanum\u00e9ricas y con s\u00edmbolos) en lugar de datos personales obvios.<\/p>\n\n\n\n<p class=\"justificar\">Evitar redes p\u00fablicas: No conectarse a redes Wi-Fi gratuitas o abiertas para realizar transacciones bancarias o acceder a plataformas sensibles (como Patria o redes sociales).<\/p>\n\n\n\n<p class=\"justificar\">Doble factor de autenticaci\u00f3n (2FA): Activar esta opci\u00f3n en todas las redes sociales, correos y cuentas bancarias.<\/p>\n\n\n\n<p class=\"justificar\">Dispositivos m\u00f3viles: Mantener el celular bloqueado con PIN, patrones o biometr\u00eda; no prestar el dispositivo a desconocidos y evitar almacenar datos sensibles o contrase\u00f1as en el mismo.<\/p>\n\n\n\n<p class=\"justificar\" style=\"margin-bottom:var(--wp--preset--spacing--50)\">Cuidado con los enlaces: No abrir enlaces sospechosos recibidos por WhatsApp, Telegram o redes sociales, incluso si provienen de im\u00e1genes o remitentes aparentemente inofensivos.<\/p>\n","protected":false},"excerpt":{"rendered":"<p>En el marco de la celebraci\u00f3n del D\u00eda Internacional de la Seguridad Inform\u00e1tica, el Dr. Carlos Berbeci, rector de la Universidad Nacional Experimental de las Telecomunicaciones e Inform\u00e1tica (UNETI), destac\u00f3 la importancia de la protecci\u00f3n de datos no solo como una medida t\u00e9cnica, sino como un pilar fundamental de la defensa y soberan\u00eda de Venezuela. [&hellip;]<\/p>\n","protected":false},"author":7,"featured_media":8842,"comment_status":"closed","ping_status":"closed","sticky":false,"template":"","format":"standard","meta":{"footnotes":""},"categories":[5],"tags":[11,12],"class_list":["post-8830","post","type-post","status-publish","format-standard","has-post-thumbnail","hentry","category-prueba","tag-conatel","tag-noticias"],"blocksy_meta":[],"_links":{"self":[{"href":"https:\/\/conatel.gob.ve\/index.php?rest_route=\/wp\/v2\/posts\/8830","targetHints":{"allow":["GET"]}}],"collection":[{"href":"https:\/\/conatel.gob.ve\/index.php?rest_route=\/wp\/v2\/posts"}],"about":[{"href":"https:\/\/conatel.gob.ve\/index.php?rest_route=\/wp\/v2\/types\/post"}],"author":[{"embeddable":true,"href":"https:\/\/conatel.gob.ve\/index.php?rest_route=\/wp\/v2\/users\/7"}],"replies":[{"embeddable":true,"href":"https:\/\/conatel.gob.ve\/index.php?rest_route=%2Fwp%2Fv2%2Fcomments&post=8830"}],"version-history":[{"count":6,"href":"https:\/\/conatel.gob.ve\/index.php?rest_route=\/wp\/v2\/posts\/8830\/revisions"}],"predecessor-version":[{"id":9192,"href":"https:\/\/conatel.gob.ve\/index.php?rest_route=\/wp\/v2\/posts\/8830\/revisions\/9192"}],"wp:featuredmedia":[{"embeddable":true,"href":"https:\/\/conatel.gob.ve\/index.php?rest_route=\/wp\/v2\/media\/8842"}],"wp:attachment":[{"href":"https:\/\/conatel.gob.ve\/index.php?rest_route=%2Fwp%2Fv2%2Fmedia&parent=8830"}],"wp:term":[{"taxonomy":"category","embeddable":true,"href":"https:\/\/conatel.gob.ve\/index.php?rest_route=%2Fwp%2Fv2%2Fcategories&post=8830"},{"taxonomy":"post_tag","embeddable":true,"href":"https:\/\/conatel.gob.ve\/index.php?rest_route=%2Fwp%2Fv2%2Ftags&post=8830"}],"curies":[{"name":"wp","href":"https:\/\/api.w.org\/{rel}","templated":true}]}}