{"id":8981,"date":"2025-12-12T20:45:55","date_gmt":"2025-12-13T00:45:55","guid":{"rendered":"https:\/\/conatel.gob.ve\/?page_id=8981"},"modified":"2026-01-15T15:44:40","modified_gmt":"2026-01-15T19:44:40","slug":"nuevas-organizaciones-de-usuarios-asumen-contraloria-a-las-telecomunicaciones-en-cada-rincon-de-caracas","status":"publish","type":"post","link":"https:\/\/conatel.gob.ve\/?p=8981","title":{"rendered":"Nuevas organizaciones de usuarios asumen contraloria a las telecomunicaciones en cada rinc\u00f3n de Caracas"},"content":{"rendered":"\n<p class=\"justificar\"><strong><em>En un acto celebrado este jueves en la capital, 25 Organizaciones de Usuarios y Usuarias de los Servicios de Telecomunicaciones recibieron su certificaci\u00f3n oficial, un reconocimiento que les faculta para asumir responsabilidades en la supervisi\u00f3n, formaci\u00f3n y propuesta de pol\u00edticas p\u00fablicas en este sector estrat\u00e9gico.<\/em><\/strong><\/p>\n\n\n\n<div class=\"wp-block-stackable-image stk-block-image stk-block stk-3f89569\" data-block-id=\"3f89569\"><style>.stk-3f89569 .stk-img-wrapper img{object-fit:scale-down !important;}@media screen and (max-width:689px){.stk-3f89569 .stk-img-wrapper img{object-fit:scale-down !important;}}<\/style><figure><span class=\"stk-img-wrapper stk-image--shape-stretch\"><img fetchpriority=\"high\" decoding=\"async\" class=\"stk-img wp-image-8982\" src=\"https:\/\/conatel.gob.ve\/wp-content\/uploads\/2025\/12\/Nuevas_organizaciones_usuarios_asumen_contraloria_1125.png\" width=\"1125\" height=\"320\" alt=\"Nuevas organizaciones de usuarios asumen contraloria a las telecomunicaciones en cada rinc\u00f3n de Caracas\" srcset=\"https:\/\/conatel.gob.ve\/wp-content\/uploads\/2025\/12\/Nuevas_organizaciones_usuarios_asumen_contraloria_1125.png 1125w, https:\/\/conatel.gob.ve\/wp-content\/uploads\/2025\/12\/Nuevas_organizaciones_usuarios_asumen_contraloria_1125-300x85.png 300w, https:\/\/conatel.gob.ve\/wp-content\/uploads\/2025\/12\/Nuevas_organizaciones_usuarios_asumen_contraloria_1125-1024x291.png 1024w, https:\/\/conatel.gob.ve\/wp-content\/uploads\/2025\/12\/Nuevas_organizaciones_usuarios_asumen_contraloria_1125-768x218.png 768w\" sizes=\"(max-width: 1125px) 100vw, 1125px\" \/><\/span><\/figure><\/div>\n\n\n\n<p class=\"justificar\">La ceremonia cont\u00f3 con la presencia de la alcaldesa de Caracas, A\/J Carmen Mel\u00e9ndez; el director general de la Comisi\u00f3n Nacional de Telecomunicaciones (Conatel), Jorge Eli\u00e9ser M\u00e1rquez Monsalve; y otras autoridades del sector, quienes entregaron los certificados en el marco del Eje N\u00b04: Organizaci\u00f3n y Participaci\u00f3n Popular del Plan Nacional de Telecomunicaciones 2025-2031.<\/p>\n\n\n\n<p class=\"justificar\">Durante su intervenci\u00f3n, la alcaldesa Carmen Mel\u00e9ndez dirigi\u00f3 un mensaje cargado de fervor patri\u00f3tico a los representantes certificados, a quienes calific\u00f3 como la resistencia heroica de esta ciudad por las batallas y victorias logradas en el sector de las telecomunicaciones.<\/p>\n\n\n\n<p class=\"justificar\">Mel\u00e9ndez destac\u00f3 la importancia de la formaci\u00f3n recibida por parte de profesionales de CONATEL, preparaci\u00f3n que defini\u00f3 como parte de la batalla por la libertad de nuestra Patria.<\/p>\n\n\n\n<p class=\"justificar\">En un firme llamado a defender la soberan\u00eda nacional, la alcaldesa rechaz\u00f3 cualquier forma de dominaci\u00f3n extranjera: Aqu\u00ed nosotros no somos colonia de nadie y nosotros no nos vamos a dejar de ellos, afirm\u00f3, enfatizando que el pueblo venezolano es y seguir\u00e1 siendo libre, soberano, independiente.<\/p>\n\n\n\n<p class=\"justificar\" style=\"margin-bottom:var(--wp--preset--spacing--50)\">Los ahora certificados asumen la misi\u00f3n de llevar la tarea de las telecomunicaciones a cada rinc\u00f3n, en cada territorio, en cada comunidad. Mel\u00e9ndez inst\u00f3 a trabajar articuladamente bajo las siete l\u00edneas de acci\u00f3n estrat\u00e9gica, en coordinaci\u00f3n con las comunas, consejos comunales, la sala del nuevo gobierno y los cuadrantes de paz.<\/p>\n","protected":false},"excerpt":{"rendered":"<p>En un acto celebrado este jueves en la capital, 25 Organizaciones de Usuarios y Usuarias de los Servicios de Telecomunicaciones recibieron su certificaci\u00f3n oficial, un reconocimiento que les faculta para asumir responsabilidades en la supervisi\u00f3n, formaci\u00f3n y propuesta de pol\u00edticas p\u00fablicas en este sector estrat\u00e9gico. La ceremonia cont\u00f3 con la presencia de la alcaldesa de [&hellip;]<\/p>\n","protected":false},"author":7,"featured_media":8986,"comment_status":"closed","ping_status":"closed","sticky":false,"template":"","format":"standard","meta":{"footnotes":""},"categories":[5],"tags":[11,12,14],"class_list":["post-8981","post","type-post","status-publish","format-standard","has-post-thumbnail","hentry","category-prueba","tag-conatel","tag-noticias","tag-telecomunicaciones"],"blocksy_meta":[],"_links":{"self":[{"href":"https:\/\/conatel.gob.ve\/index.php?rest_route=\/wp\/v2\/posts\/8981","targetHints":{"allow":["GET"]}}],"collection":[{"href":"https:\/\/conatel.gob.ve\/index.php?rest_route=\/wp\/v2\/posts"}],"about":[{"href":"https:\/\/conatel.gob.ve\/index.php?rest_route=\/wp\/v2\/types\/post"}],"author":[{"embeddable":true,"href":"https:\/\/conatel.gob.ve\/index.php?rest_route=\/wp\/v2\/users\/7"}],"replies":[{"embeddable":true,"href":"https:\/\/conatel.gob.ve\/index.php?rest_route=%2Fwp%2Fv2%2Fcomments&post=8981"}],"version-history":[{"count":4,"href":"https:\/\/conatel.gob.ve\/index.php?rest_route=\/wp\/v2\/posts\/8981\/revisions"}],"predecessor-version":[{"id":9229,"href":"https:\/\/conatel.gob.ve\/index.php?rest_route=\/wp\/v2\/posts\/8981\/revisions\/9229"}],"wp:featuredmedia":[{"embeddable":true,"href":"https:\/\/conatel.gob.ve\/index.php?rest_route=\/wp\/v2\/media\/8986"}],"wp:attachment":[{"href":"https:\/\/conatel.gob.ve\/index.php?rest_route=%2Fwp%2Fv2%2Fmedia&parent=8981"}],"wp:term":[{"taxonomy":"category","embeddable":true,"href":"https:\/\/conatel.gob.ve\/index.php?rest_route=%2Fwp%2Fv2%2Fcategories&post=8981"},{"taxonomy":"post_tag","embeddable":true,"href":"https:\/\/conatel.gob.ve\/index.php?rest_route=%2Fwp%2Fv2%2Ftags&post=8981"}],"curies":[{"name":"wp","href":"https:\/\/api.w.org\/{rel}","templated":true}]}}