{"id":9211,"date":"2026-01-15T15:39:22","date_gmt":"2026-01-15T19:39:22","guid":{"rendered":"https:\/\/conatel.gob.ve\/?page_id=9211"},"modified":"2026-02-05T15:44:38","modified_gmt":"2026-02-05T19:44:38","slug":"movilnet-restablece-al-100-sus-servicios-tras-ataque-estadounidense-a-la-infraestructura-de-telecomunicaciones","status":"publish","type":"post","link":"https:\/\/conatel.gob.ve\/?p=9211","title":{"rendered":"Movilnet restablece al 100% sus servicios tras ataque estadounidense a la infraestructura de telecomunicaciones"},"content":{"rendered":"\n<p class=\"justificar\"><strong><em>V\u00edctor Mart\u00ednez, gerente general de planificaci\u00f3n de la red de Movilnet, confirm\u00f3 este mi\u00e9rcoles durante su participaci\u00f3n en el programa Conatel al Aire, que la operadora estatal ha logrado restablecer la totalidad de sus servicios tras el bombardeo perpetrado por Estados Unidos contra Venezuela, a principios de enero de 2026.<\/em><\/strong><\/p>\n\n\n\n<div class=\"wp-block-stackable-image stk-block-image stk-block stk-b6f22b5\" data-block-id=\"b6f22b5\"><style>.stk-b6f22b5 .stk-img-wrapper img{object-fit:scale-down !important;}@media screen and (max-width:689px){.stk-b6f22b5 .stk-img-wrapper img{object-fit:scale-down !important;}}<\/style><figure><span class=\"stk-img-wrapper stk-image--shape-stretch\"><img fetchpriority=\"high\" decoding=\"async\" class=\"stk-img wp-image-9212\" src=\"https:\/\/conatel.gob.ve\/wp-content\/uploads\/2026\/01\/Movilnet_restablece_100_1125.png\" width=\"1125\" height=\"360\" alt=\"Movilnet restablece al 100% sus servicios tras ataque estadounidense a la infraestructura de telecomunicaciones \" srcset=\"https:\/\/conatel.gob.ve\/wp-content\/uploads\/2026\/01\/Movilnet_restablece_100_1125.png 1125w, https:\/\/conatel.gob.ve\/wp-content\/uploads\/2026\/01\/Movilnet_restablece_100_1125-300x96.png 300w, https:\/\/conatel.gob.ve\/wp-content\/uploads\/2026\/01\/Movilnet_restablece_100_1125-1024x328.png 1024w, https:\/\/conatel.gob.ve\/wp-content\/uploads\/2026\/01\/Movilnet_restablece_100_1125-768x246.png 768w\" sizes=\"(max-width: 1125px) 100vw, 1125px\" \/><\/span><\/figure><\/div>\n\n\n\n<p class=\"justificar\">Mart\u00ednez detall\u00f3 que el ataque caus\u00f3 afectaciones cr\u00edticas en el Cerro El Volc\u00e1n (municipio El Hatillo), un punto neur\u00e1lgico para las telecomunicaciones en la capital.<\/p>\n\n\n\n<p class=\"justificar\">\u00abLogramos restablecer todo lo que estaba fuera de servicio; el sistema de transporte y fibra \u00f3ptica fue recuperado la semana pasada junto a nuestros aliados\u00bb, asegur\u00f3 el gerente.<\/p>\n\n\n\n<p class=\"justificar\">El funcionario explic\u00f3 que, aunque la caseta y torre de Movilnet no sufrieron da\u00f1os estructurales directos, el sistema de transporte (fibra \u00f3ptica) colaps\u00f3, obligando a realizar migraciones de tr\u00e1fico inmediatas.<\/p>\n\n\n\n<p class=\"justificar\" style=\"margin-bottom:var(--wp--preset--spacing--50)\">A pesar de la complejidad t\u00e9cnica y las fallas de energ\u00eda derivadas del ataque a la subestaci\u00f3n Panamericana, el equipo t\u00e9cnico logr\u00f3 levantar el servicio en tiempo r\u00e9cord, garantizando la conectividad de miles de usuarios.<\/p>\n","protected":false},"excerpt":{"rendered":"<p>V\u00edctor Mart\u00ednez, gerente general de planificaci\u00f3n de la red de Movilnet, confirm\u00f3 este mi\u00e9rcoles durante su participaci\u00f3n en el programa Conatel al Aire, que la operadora estatal ha logrado restablecer la totalidad de sus servicios tras el bombardeo perpetrado por Estados Unidos contra Venezuela, a principios de enero de 2026. Mart\u00ednez detall\u00f3 que el ataque [&hellip;]<\/p>\n","protected":false},"author":7,"featured_media":9214,"comment_status":"closed","ping_status":"closed","sticky":false,"template":"","format":"standard","meta":{"footnotes":""},"categories":[5],"tags":[85,11,86,55,12],"class_list":["post-9211","post","type-post","status-publish","format-standard","has-post-thumbnail","hentry","category-prueba","tag-cerro-el-volcan","tag-conatel","tag-el-hatillo","tag-movilnet","tag-noticias"],"blocksy_meta":[],"_links":{"self":[{"href":"https:\/\/conatel.gob.ve\/index.php?rest_route=\/wp\/v2\/posts\/9211","targetHints":{"allow":["GET"]}}],"collection":[{"href":"https:\/\/conatel.gob.ve\/index.php?rest_route=\/wp\/v2\/posts"}],"about":[{"href":"https:\/\/conatel.gob.ve\/index.php?rest_route=\/wp\/v2\/types\/post"}],"author":[{"embeddable":true,"href":"https:\/\/conatel.gob.ve\/index.php?rest_route=\/wp\/v2\/users\/7"}],"replies":[{"embeddable":true,"href":"https:\/\/conatel.gob.ve\/index.php?rest_route=%2Fwp%2Fv2%2Fcomments&post=9211"}],"version-history":[{"count":3,"href":"https:\/\/conatel.gob.ve\/index.php?rest_route=\/wp\/v2\/posts\/9211\/revisions"}],"predecessor-version":[{"id":9382,"href":"https:\/\/conatel.gob.ve\/index.php?rest_route=\/wp\/v2\/posts\/9211\/revisions\/9382"}],"wp:featuredmedia":[{"embeddable":true,"href":"https:\/\/conatel.gob.ve\/index.php?rest_route=\/wp\/v2\/media\/9214"}],"wp:attachment":[{"href":"https:\/\/conatel.gob.ve\/index.php?rest_route=%2Fwp%2Fv2%2Fmedia&parent=9211"}],"wp:term":[{"taxonomy":"category","embeddable":true,"href":"https:\/\/conatel.gob.ve\/index.php?rest_route=%2Fwp%2Fv2%2Fcategories&post=9211"},{"taxonomy":"post_tag","embeddable":true,"href":"https:\/\/conatel.gob.ve\/index.php?rest_route=%2Fwp%2Fv2%2Ftags&post=9211"}],"curies":[{"name":"wp","href":"https:\/\/api.w.org\/{rel}","templated":true}]}}