{"id":9221,"date":"2026-01-15T15:44:00","date_gmt":"2026-01-15T19:44:00","guid":{"rendered":"https:\/\/conatel.gob.ve\/?page_id=9221"},"modified":"2026-02-05T15:43:32","modified_gmt":"2026-02-05T19:43:32","slug":"coordinacion-de-la-fanb-y-conatel-permite-intervencion-oportuna-en-el-cerro-el-volcan","status":"publish","type":"post","link":"https:\/\/conatel.gob.ve\/?p=9221","title":{"rendered":"Coordinaci\u00f3n de la FANB y Conatel permite intervenci\u00f3n oportuna en el Cerro El Volc\u00e1n"},"content":{"rendered":"\n<p class=\"justificar\"><strong><em>En entrevista exclusiva para el programa Conatel al Aire, V\u00edctor Mart\u00ednez, gerente de planificaci\u00f3n de Movilnet, narr\u00f3 su experiencia al inspeccionar el Cerro El Volc\u00e1n tras el bombardeo de los Estados Unidos a principios de a\u00f1o. <\/em><\/strong><\/p>\n\n\n\n<div class=\"wp-block-stackable-image stk-block-image stk-block stk-83ff32c\" data-block-id=\"83ff32c\"><style>.stk-83ff32c .stk-img-wrapper img{object-fit:scale-down !important;}<\/style><figure><span class=\"stk-img-wrapper stk-image--shape-stretch\"><img fetchpriority=\"high\" decoding=\"async\" class=\"stk-img wp-image-9219\" src=\"https:\/\/conatel.gob.ve\/wp-content\/uploads\/2026\/01\/Coordinacion-de-la-FANB_1125x360px.png\" width=\"1125\" height=\"360\" alt=\"Coordinaci\u00f3n de la FANB y Conatel permite intervenci\u00f3n oportuna en el Cerro El Volc\u00e1n \" srcset=\"https:\/\/conatel.gob.ve\/wp-content\/uploads\/2026\/01\/Coordinacion-de-la-FANB_1125x360px.png 1125w, https:\/\/conatel.gob.ve\/wp-content\/uploads\/2026\/01\/Coordinacion-de-la-FANB_1125x360px-300x96.png 300w, https:\/\/conatel.gob.ve\/wp-content\/uploads\/2026\/01\/Coordinacion-de-la-FANB_1125x360px-1024x328.png 1024w, https:\/\/conatel.gob.ve\/wp-content\/uploads\/2026\/01\/Coordinacion-de-la-FANB_1125x360px-768x246.png 768w\" sizes=\"(max-width: 1125px) 100vw, 1125px\" \/><\/span><\/figure><\/div>\n\n\n\n<p class=\"justificar\">\u00abEs impresionante ver torres tan altas literalmente en el suelo. Hab\u00eda cimientos de concreto arrancados de ra\u00edz, dejando solo el hueco en la tierra\u00bb, describi\u00f3 el ejecutivo de Movilnet. <\/p>\n\n\n\n<p class=\"justificar\">Uno de los detalles m\u00e1s impactantes relatados por el ingeniero fue el efecto de la onda expansiva sobre los equipos tecnol\u00f3gicos: \u00abLas antenas de microondas colapsaron sobre s\u00ed mismas, cerr\u00e1ndose como si fueran una flor\u00bb, explic\u00f3. Adem\u00e1s, las estructuras que quedaron en pie presentaban m\u00faltiples perforaciones por metralla. <\/p>\n\n\n\n<p class=\"justificar\">El gerente destac\u00f3 que la recuperaci\u00f3n se realiz\u00f3 en un escenario de alto riesgo, donde escombros, acero y concreto se mezclaban, dificultando la identificaci\u00f3n de los equipos. Sin embargo, la acci\u00f3n mancomunada de todas las operadoras, bajo la coordinaci\u00f3n de Conatel y la custodia de la Guardia Nacional Bolivariana, permiti\u00f3 intervenir la zona de manera segura.<\/p>\n\n\n\n<p><\/p>\n","protected":false},"excerpt":{"rendered":"<p>En entrevista exclusiva para el programa Conatel al Aire, V\u00edctor Mart\u00ednez, gerente de planificaci\u00f3n de Movilnet, narr\u00f3 su experiencia al inspeccionar el Cerro El Volc\u00e1n tras el bombardeo de los Estados Unidos a principios de a\u00f1o. \u00abEs impresionante ver torres tan altas literalmente en el suelo. Hab\u00eda cimientos de concreto arrancados de ra\u00edz, dejando solo [&hellip;]<\/p>\n","protected":false},"author":7,"featured_media":9218,"comment_status":"closed","ping_status":"closed","sticky":false,"template":"","format":"standard","meta":{"footnotes":""},"categories":[5],"tags":[85,11,84,12],"class_list":["post-9221","post","type-post","status-publish","format-standard","has-post-thumbnail","hentry","category-prueba","tag-cerro-el-volcan","tag-conatel","tag-fanb","tag-noticias"],"blocksy_meta":[],"_links":{"self":[{"href":"https:\/\/conatel.gob.ve\/index.php?rest_route=\/wp\/v2\/posts\/9221","targetHints":{"allow":["GET"]}}],"collection":[{"href":"https:\/\/conatel.gob.ve\/index.php?rest_route=\/wp\/v2\/posts"}],"about":[{"href":"https:\/\/conatel.gob.ve\/index.php?rest_route=\/wp\/v2\/types\/post"}],"author":[{"embeddable":true,"href":"https:\/\/conatel.gob.ve\/index.php?rest_route=\/wp\/v2\/users\/7"}],"replies":[{"embeddable":true,"href":"https:\/\/conatel.gob.ve\/index.php?rest_route=%2Fwp%2Fv2%2Fcomments&post=9221"}],"version-history":[{"count":3,"href":"https:\/\/conatel.gob.ve\/index.php?rest_route=\/wp\/v2\/posts\/9221\/revisions"}],"predecessor-version":[{"id":9381,"href":"https:\/\/conatel.gob.ve\/index.php?rest_route=\/wp\/v2\/posts\/9221\/revisions\/9381"}],"wp:featuredmedia":[{"embeddable":true,"href":"https:\/\/conatel.gob.ve\/index.php?rest_route=\/wp\/v2\/media\/9218"}],"wp:attachment":[{"href":"https:\/\/conatel.gob.ve\/index.php?rest_route=%2Fwp%2Fv2%2Fmedia&parent=9221"}],"wp:term":[{"taxonomy":"category","embeddable":true,"href":"https:\/\/conatel.gob.ve\/index.php?rest_route=%2Fwp%2Fv2%2Fcategories&post=9221"},{"taxonomy":"post_tag","embeddable":true,"href":"https:\/\/conatel.gob.ve\/index.php?rest_route=%2Fwp%2Fv2%2Ftags&post=9221"}],"curies":[{"name":"wp","href":"https:\/\/api.w.org\/{rel}","templated":true}]}}