{"id":9642,"date":"2026-03-12T13:44:04","date_gmt":"2026-03-12T17:44:04","guid":{"rendered":"https:\/\/conatel.gob.ve\/?page_id=9642"},"modified":"2026-04-18T17:18:22","modified_gmt":"2026-04-18T21:18:22","slug":"especialista-cataloga-la-nomofobia-como-nuevo-desafio-social","status":"publish","type":"post","link":"https:\/\/conatel.gob.ve\/?p=9642","title":{"rendered":"Especialista cataloga la nomofobia como nuevo desaf\u00edo social"},"content":{"rendered":"\n<p class=\"justificar\"><strong><em>La tecnolog\u00eda ha simplificado muchas tareas sin embargo, tambi\u00e9n est\u00e1 causando problemas estructurales en la sociedad, en especial en los ni\u00f1os y su enfoque para interactuar con otros.<\/em><\/strong><\/p>\n\n\n\n<div class=\"wp-block-stackable-image stk-block-image stk-block stk-99a4875\" data-block-id=\"99a4875\"><style>.stk-99a4875 .stk-img-wrapper img{object-fit:scale-down !important;}@media screen and (max-width:689px){.stk-99a4875 .stk-img-wrapper img{object-fit:scale-down !important;}}<\/style><figure><span class=\"stk-img-wrapper stk-image--shape-stretch\"><img fetchpriority=\"high\" decoding=\"async\" class=\"stk-img wp-image-9643\" src=\"https:\/\/conatel.gob.ve\/wp-content\/uploads\/2026\/03\/Especialista_cataloga_nomofobia_1125.png\" width=\"1125\" height=\"320\" alt=\"Especialista cataloga la nomofobia como nuevo desaf\u00edo social\" srcset=\"https:\/\/conatel.gob.ve\/wp-content\/uploads\/2026\/03\/Especialista_cataloga_nomofobia_1125.png 1125w, https:\/\/conatel.gob.ve\/wp-content\/uploads\/2026\/03\/Especialista_cataloga_nomofobia_1125-300x85.png 300w, https:\/\/conatel.gob.ve\/wp-content\/uploads\/2026\/03\/Especialista_cataloga_nomofobia_1125-1024x291.png 1024w, https:\/\/conatel.gob.ve\/wp-content\/uploads\/2026\/03\/Especialista_cataloga_nomofobia_1125-768x218.png 768w\" sizes=\"(max-width: 1125px) 100vw, 1125px\" \/><\/span><\/figure><\/div>\n\n\n\n<p class=\"justificar\">En una reciente edici\u00f3n del programa Conatel al Aire, el psic\u00f3logo cl\u00ednico y social Roger Garc\u00e9s analiz\u00f3 el fen\u00f3meno de la nomofobia, definida como la adicci\u00f3n patol\u00f3gica al tel\u00e9fono celular y el miedo irracional a estar desconectado.<\/p>\n\n\n\n<p class=\"justificar\">Durante la entrevista, Garc\u00e9s present\u00f3 su libro \u201cLa adicci\u00f3n al celular: cuando un like es m\u00e1s importante que una caricia\u201d, donde explica c\u00f3mo el dispositivo m\u00f3vil ha pasado de ser una herramienta a un sustituto de la realidad.<\/p>\n\n\n\n<p class=\"justificar\">El experto destac\u00f3 que el problema con las nuevas tecnolog\u00edas, en especial con el celular, surge cuando compite con la experiencia de vida y reemplaza el contacto humano, como un abrazo o un gesto, por un archivo digital como emoticones, stickers o im\u00e1genes elaboradas.<\/p>\n\n\n\n<p class=\"justificar\">El psic\u00f3logo se\u00f1al\u00f3 que este comportamiento se intensific\u00f3 tras la pandemia, cuando la poblaci\u00f3n mundial tuvo que depender de la tecnolog\u00eda para mantenerse informada y continuar con sus actividades laborales, dando paso a lo que denomina un \u00abcambio civilizatorio\u00bb en el que la hiperrealidad de las pantallas parece m\u00e1s v\u00e1lida que la percepci\u00f3n sensorial directa.<\/p>\n\n\n\n<p class=\"justificar\" style=\"margin-bottom:var(--wp--preset--spacing--50)\">Esta transici\u00f3n ha generado una descalificaci\u00f3n de los propios sentidos, llevando a las personas a confiar m\u00e1s en lo que ven en una pantalla que en lo que perciben f\u00edsicamente a su alrededor.<\/p>\n","protected":false},"excerpt":{"rendered":"<p>La tecnolog\u00eda ha simplificado muchas tareas sin embargo, tambi\u00e9n est\u00e1 causando problemas estructurales en la sociedad, en especial en los ni\u00f1os y su enfoque para interactuar con otros. En una reciente edici\u00f3n del programa Conatel al Aire, el psic\u00f3logo cl\u00ednico y social Roger Garc\u00e9s analiz\u00f3 el fen\u00f3meno de la nomofobia, definida como la adicci\u00f3n patol\u00f3gica [&hellip;]<\/p>\n","protected":false},"author":7,"featured_media":9646,"comment_status":"closed","ping_status":"closed","sticky":false,"template":"","format":"standard","meta":{"footnotes":""},"categories":[5],"tags":[11,36,12,14],"class_list":["post-9642","post","type-post","status-publish","format-standard","has-post-thumbnail","hentry","category-prueba","tag-conatel","tag-conatel-al-aire","tag-noticias","tag-telecomunicaciones"],"blocksy_meta":[],"_links":{"self":[{"href":"https:\/\/conatel.gob.ve\/index.php?rest_route=\/wp\/v2\/posts\/9642","targetHints":{"allow":["GET"]}}],"collection":[{"href":"https:\/\/conatel.gob.ve\/index.php?rest_route=\/wp\/v2\/posts"}],"about":[{"href":"https:\/\/conatel.gob.ve\/index.php?rest_route=\/wp\/v2\/types\/post"}],"author":[{"embeddable":true,"href":"https:\/\/conatel.gob.ve\/index.php?rest_route=\/wp\/v2\/users\/7"}],"replies":[{"embeddable":true,"href":"https:\/\/conatel.gob.ve\/index.php?rest_route=%2Fwp%2Fv2%2Fcomments&post=9642"}],"version-history":[{"count":3,"href":"https:\/\/conatel.gob.ve\/index.php?rest_route=\/wp\/v2\/posts\/9642\/revisions"}],"predecessor-version":[{"id":9799,"href":"https:\/\/conatel.gob.ve\/index.php?rest_route=\/wp\/v2\/posts\/9642\/revisions\/9799"}],"wp:featuredmedia":[{"embeddable":true,"href":"https:\/\/conatel.gob.ve\/index.php?rest_route=\/wp\/v2\/media\/9646"}],"wp:attachment":[{"href":"https:\/\/conatel.gob.ve\/index.php?rest_route=%2Fwp%2Fv2%2Fmedia&parent=9642"}],"wp:term":[{"taxonomy":"category","embeddable":true,"href":"https:\/\/conatel.gob.ve\/index.php?rest_route=%2Fwp%2Fv2%2Fcategories&post=9642"},{"taxonomy":"post_tag","embeddable":true,"href":"https:\/\/conatel.gob.ve\/index.php?rest_route=%2Fwp%2Fv2%2Ftags&post=9642"}],"curies":[{"name":"wp","href":"https:\/\/api.w.org\/{rel}","templated":true}]}}