{"id":9653,"date":"2026-03-12T13:53:37","date_gmt":"2026-03-12T17:53:37","guid":{"rendered":"https:\/\/conatel.gob.ve\/?page_id=9653"},"modified":"2026-04-23T20:22:16","modified_gmt":"2026-04-24T00:22:16","slug":"psicologo-advierte-que-la-mente-multitarea-fracciona-la-capacidad-de-atencion","status":"publish","type":"post","link":"https:\/\/conatel.gob.ve\/?p=9653","title":{"rendered":"Psic\u00f3logo advierte que la mente multitarea fracciona la capacidad de atenci\u00f3n"},"content":{"rendered":"\n<p class=\"justificar\"><strong><em>Una de las aptitudes mejor valoradas en la actualidad por las empresas al momento de contratar individuos es la mente multitarea y, contrario a la creencia generalizada, esta \u201ccapacidad\u201d puede conllevar poca efectividad y falta de concentraci\u00f3n.<\/em><\/strong><\/p>\n\n\n\n<div class=\"wp-block-stackable-image stk-block-image stk-block stk-6bb770a\" data-block-id=\"6bb770a\"><style>.stk-6bb770a .stk-img-wrapper img{object-fit:scale-down !important;}@media screen and (max-width:689px){.stk-6bb770a .stk-img-wrapper img{object-fit:scale-down !important;}}<\/style><figure><span class=\"stk-img-wrapper stk-image--shape-stretch\"><img fetchpriority=\"high\" decoding=\"async\" class=\"stk-img wp-image-9654\" src=\"https:\/\/conatel.gob.ve\/wp-content\/uploads\/2026\/03\/Psicologo_advierte_mente_multitarea_1125.png\" width=\"1125\" height=\"320\" alt=\"Psic\u00f3logo advierte que la mente multitarea fracciona la capacidad de atenci\u00f3n\" srcset=\"https:\/\/conatel.gob.ve\/wp-content\/uploads\/2026\/03\/Psicologo_advierte_mente_multitarea_1125.png 1125w, https:\/\/conatel.gob.ve\/wp-content\/uploads\/2026\/03\/Psicologo_advierte_mente_multitarea_1125-300x85.png 300w, https:\/\/conatel.gob.ve\/wp-content\/uploads\/2026\/03\/Psicologo_advierte_mente_multitarea_1125-1024x291.png 1024w, https:\/\/conatel.gob.ve\/wp-content\/uploads\/2026\/03\/Psicologo_advierte_mente_multitarea_1125-768x218.png 768w\" sizes=\"(max-width: 1125px) 100vw, 1125px\" \/><\/span><\/figure><\/div>\n\n\n\n<p class=\"justificar\">Roger Garc\u00e9s, psic\u00f3logo cl\u00ednico, explic\u00f3 que el uso de redes sociales fracciona la capacidad de atenci\u00f3n, disminuyendo las competencias que permiten al ser humano procesar informaci\u00f3n.<\/p>\n\n\n\n<p class=\"justificar\">Destac\u00f3 que, a pesar de que esta condici\u00f3n puede ser beneficiosa en algunos \u00e1mbitos, la mente multitarea tiende a fragmentar la capacidad de concentraci\u00f3n de un individuo.<\/p>\n\n\n\n<p class=\"justificar\">De igual forma, record\u00f3 que plataformas como <strong>TikTok<\/strong> o <strong>Instagram<\/strong> enganchan al usuario en un bucle de informaci\u00f3n dif\u00edcil de romper y que este tipo de acciones est\u00e1n siendo estudiadas por la captolog\u00eda, que es la disciplina que analiza c\u00f3mo captar la atenci\u00f3n, pues este tipo de contenido est\u00e1 disminuyendo la atenci\u00f3n efectiva en aulas de clase y auditorios.<\/p>\n\n\n\n<p class=\"justificar\">Garc\u00e9s alert\u00f3 sobre c\u00f3mo esta fragmentaci\u00f3n de la atenci\u00f3n est\u00e1 afectando el rendimiento acad\u00e9mico, detallando que se estima que en un aula de clases el tiempo de atenci\u00f3n efectiva se ha reducido a solo siete minutos, ya que el cerebro condicionado por los reels y videos cortos no logra procesar discursos largos o ponencias complejas.<\/p>\n\n\n\n<p class=\"justificar\">Esto genera una sociedad de individuos hiperconectados digitalmente, pero profundamente aislados de su entorno sociopol\u00edtico y cultural inmediato.<\/p>\n\n\n\n<p class=\"justificar\">En consecuencia, Garc\u00e9s se\u00f1al\u00f3 que esta mente multitarea es funcional para las grandes plataformas tecnol\u00f3gicas que obtienen ganancias de la navegaci\u00f3n ininterrumpida, pero poco beneficiosa para quien la padece.<\/p>\n\n\n\n<p class=\"justificar\" style=\"margin-bottom:var(--wp--preset--spacing--50)\">Para finalizar, expres\u00f3 que con la modalidad de teletrabajo, que se ha popularizado desde la pandemia, las fronteras entre el hogar y el empleo desaparecen, obligando al individuo a estar conectado y produciendo en horarios que antes pertenec\u00edan al descanso o a la vida privada.<\/p>\n","protected":false},"excerpt":{"rendered":"<p>Una de las aptitudes mejor valoradas en la actualidad por las empresas al momento de contratar individuos es la mente multitarea y, contrario a la creencia generalizada, esta \u201ccapacidad\u201d puede conllevar poca efectividad y falta de concentraci\u00f3n. Roger Garc\u00e9s, psic\u00f3logo cl\u00ednico, explic\u00f3 que el uso de redes sociales fracciona la capacidad de atenci\u00f3n, disminuyendo las [&hellip;]<\/p>\n","protected":false},"author":7,"featured_media":9655,"comment_status":"closed","ping_status":"closed","sticky":false,"template":"","format":"standard","meta":{"footnotes":""},"categories":[5],"tags":[11,36,12,14],"class_list":["post-9653","post","type-post","status-publish","format-standard","has-post-thumbnail","hentry","category-prueba","tag-conatel","tag-conatel-al-aire","tag-noticias","tag-telecomunicaciones"],"blocksy_meta":[],"_links":{"self":[{"href":"https:\/\/conatel.gob.ve\/index.php?rest_route=\/wp\/v2\/posts\/9653","targetHints":{"allow":["GET"]}}],"collection":[{"href":"https:\/\/conatel.gob.ve\/index.php?rest_route=\/wp\/v2\/posts"}],"about":[{"href":"https:\/\/conatel.gob.ve\/index.php?rest_route=\/wp\/v2\/types\/post"}],"author":[{"embeddable":true,"href":"https:\/\/conatel.gob.ve\/index.php?rest_route=\/wp\/v2\/users\/7"}],"replies":[{"embeddable":true,"href":"https:\/\/conatel.gob.ve\/index.php?rest_route=%2Fwp%2Fv2%2Fcomments&post=9653"}],"version-history":[{"count":2,"href":"https:\/\/conatel.gob.ve\/index.php?rest_route=\/wp\/v2\/posts\/9653\/revisions"}],"predecessor-version":[{"id":9813,"href":"https:\/\/conatel.gob.ve\/index.php?rest_route=\/wp\/v2\/posts\/9653\/revisions\/9813"}],"wp:featuredmedia":[{"embeddable":true,"href":"https:\/\/conatel.gob.ve\/index.php?rest_route=\/wp\/v2\/media\/9655"}],"wp:attachment":[{"href":"https:\/\/conatel.gob.ve\/index.php?rest_route=%2Fwp%2Fv2%2Fmedia&parent=9653"}],"wp:term":[{"taxonomy":"category","embeddable":true,"href":"https:\/\/conatel.gob.ve\/index.php?rest_route=%2Fwp%2Fv2%2Fcategories&post=9653"},{"taxonomy":"post_tag","embeddable":true,"href":"https:\/\/conatel.gob.ve\/index.php?rest_route=%2Fwp%2Fv2%2Ftags&post=9653"}],"curies":[{"name":"wp","href":"https:\/\/api.w.org\/{rel}","templated":true}]}}